{"id":14290,"date":"2021-05-19T15:41:06","date_gmt":"2021-05-19T20:41:06","guid":{"rendered":"https:\/\/encuentroinformativo.com.mx\/?p=14290"},"modified":"2021-05-19T15:41:11","modified_gmt":"2021-05-19T20:41:11","slug":"prevalece-clima-de-autoritarismo-senala-anilu","status":"publish","type":"post","link":"https:\/\/encuentroinformativo.com.mx\/?p=14290","title":{"rendered":"Prevalece clima de autoritarismo, se\u00f1ala Anil\u00fa"},"content":{"rendered":"\n<p><strong>Alejandro \u00c1vila<\/strong><\/p>\n\n\n\n<p>Veracruz, Ver.- La presidenta estatal del programa &#8220;<em>Recupera<\/em>&#8221; en Veracruz, Anil\u00fa Ingram Vallines, calific\u00f3 como &#8220;aberrante&#8221; las acciones tomadas en contra de los candidatos de la alianza &#8220;Veracruz Va&#8221; y acus\u00f3 al Gobierno del Estado de &#8220;meter la mano&#8221; en el proceso electoral que se desarrolla.<\/p>\n\n\n\n<p>La veracruzana, apunt\u00f3 que se vive un clima de autoritarismo y antidemocracia, al tiempo que se\u00f1al\u00f3 las instituciones se ven debilitadas ante las acciones tomadas por parte de los funcionarios p\u00fablicos del Gobierno del Estado.&nbsp;<\/p>\n\n\n\n<p>&#8220;Hoy vivimos un clima de autoritarismo, hoy un vivimos un clima antidemocratico, un debilitamiento de las instituciones con este tipo de acciones, y muchas otras que hemos estado viendo, porque hoy es Miguel \u00c1ngel Yunes, ma\u00f1ana no sabemos quien puede ser. Entonces s\u00ed hacemos un exhorto, s\u00ed quiero decir que en el Revolucionario Institucional somos respetuosos de la autoridad electoral, somos respetuosos de la actividad propia, pero no podemos dejar de se\u00f1alar con toda claridad, y no quitar el dedo del renglon, que el Gobierno del Estado y sus candidatos tienen miedo&#8221;, asest\u00f3.<\/p>\n\n\n\n<p>En ese sentido, pidi\u00f3 a la ciudadan\u00eda reflexionar su voto, y analizar a detalle cuales han sido las acciones tomadas por el actual Gobierno del Estado y sus candidatos, en beneficio de la sociedad veracruzana, la cual apunt\u00f3, son pocas o nulas.<\/p>\n\n\n\n<p>Adem\u00e1s, expuso que los aspirantes a un cargo popular por la alianza &#8220;Veracruz Va&#8221;, lograr\u00e1n recuperar los programas sociales que fueron arrebatados a jefas de familia, mujeres y campesinos, pues han sido los grupos m\u00e1s afectados durante los meses de administraci\u00f3n federal y estatal de Morena.<\/p>\n","protected":false},"excerpt":{"rendered":"<p>Alejandro \u00c1vila Veracruz, Ver.- La presidenta estatal del programa &#8220;Recupera&#8221; en Veracruz, Anil\u00fa Ingram Vallines, calific\u00f3 como &#8220;aberrante&#8221; las acciones tomadas en contra de los candidatos de la alianza &#8220;Veracruz Va&#8221; y acus\u00f3 al Gobierno del Estado de &#8220;meter la mano&#8221; en el proceso electoral que se desarrolla. La veracruzana, apunt\u00f3 que se vive un [&hellip;]<\/p>\n","protected":false},"author":1,"featured_media":14291,"comment_status":"open","ping_status":"open","sticky":false,"template":"","format":"standard","meta":{"_jetpack_memberships_contains_paid_content":false,"footnotes":""},"categories":[2],"tags":[],"class_list":["post-14290","post","type-post","status-publish","format-standard","has-post-thumbnail","hentry","category-estado"],"jetpack_featured_media_url":"https:\/\/encuentroinformativo.com.mx\/wp-content\/uploads\/2021\/05\/C6558672-B818-482E-8DE5-C268B07B207A.jpeg","jetpack_sharing_enabled":true,"jetpack_likes_enabled":true,"amp_enabled":true,"_links":{"self":[{"href":"https:\/\/encuentroinformativo.com.mx\/index.php?rest_route=\/wp\/v2\/posts\/14290","targetHints":{"allow":["GET"]}}],"collection":[{"href":"https:\/\/encuentroinformativo.com.mx\/index.php?rest_route=\/wp\/v2\/posts"}],"about":[{"href":"https:\/\/encuentroinformativo.com.mx\/index.php?rest_route=\/wp\/v2\/types\/post"}],"author":[{"embeddable":true,"href":"https:\/\/encuentroinformativo.com.mx\/index.php?rest_route=\/wp\/v2\/users\/1"}],"replies":[{"embeddable":true,"href":"https:\/\/encuentroinformativo.com.mx\/index.php?rest_route=%2Fwp%2Fv2%2Fcomments&post=14290"}],"version-history":[{"count":1,"href":"https:\/\/encuentroinformativo.com.mx\/index.php?rest_route=\/wp\/v2\/posts\/14290\/revisions"}],"predecessor-version":[{"id":14292,"href":"https:\/\/encuentroinformativo.com.mx\/index.php?rest_route=\/wp\/v2\/posts\/14290\/revisions\/14292"}],"wp:featuredmedia":[{"embeddable":true,"href":"https:\/\/encuentroinformativo.com.mx\/index.php?rest_route=\/wp\/v2\/media\/14291"}],"wp:attachment":[{"href":"https:\/\/encuentroinformativo.com.mx\/index.php?rest_route=%2Fwp%2Fv2%2Fmedia&parent=14290"}],"wp:term":[{"taxonomy":"category","embeddable":true,"href":"https:\/\/encuentroinformativo.com.mx\/index.php?rest_route=%2Fwp%2Fv2%2Fcategories&post=14290"},{"taxonomy":"post_tag","embeddable":true,"href":"https:\/\/encuentroinformativo.com.mx\/index.php?rest_route=%2Fwp%2Fv2%2Ftags&post=14290"}],"curies":[{"name":"wp","href":"https:\/\/api.w.org\/{rel}","templated":true}]}}