{"id":14300,"date":"2021-05-19T20:15:19","date_gmt":"2021-05-20T01:15:19","guid":{"rendered":"https:\/\/encuentroinformativo.com.mx\/?p=14300"},"modified":"2021-05-19T20:15:24","modified_gmt":"2021-05-20T01:15:24","slug":"veracruz-es-prioridad-para-el-cen-del-pri-reconoce-alito","status":"publish","type":"post","link":"https:\/\/encuentroinformativo.com.mx\/?p=14300","title":{"rendered":"Veracruz es prioridad para el CEN del PRI, reconoce \u201cAlito\u201d"},"content":{"rendered":"\n<p>Orizaba, Ver. Con la fuerza de las mujeres y hombres de nuestra militancia, as\u00ed como de las candidatas y candidatos de Va por M\u00e9xico y Veracruz Va, vamos a ganar las elecciones el pr\u00f3ximo 6 de junio, a aquellos que hicieron muchos compromisos y no han cumplido nada, a Morena, que es una tragedia para el pa\u00eds y para este estado, afirm\u00f3, Alejandro Moreno C\u00e1rdenas, presidente del Comit\u00e9 Ejecutivo Nacional (CEN) del Partido Revolucionario Institucional (PRI).<\/p>\n\n\n\n<p>\u201cVeracruz es prioridad para el CEN del PRI, por ello estamos aqu\u00ed y estamos trabajando en todos los rincones del estado, por ello con el Comit\u00e9 Directivo Estatal que encabeza Marlon Ram\u00edrez Mar\u00edn, vamos con todo, sumando a nuestra militancia, en todos los municipios y distritos, porque lo que nos jugamos el 6 de junio es el presente y futuro de Veracruz, y de M\u00e9xico\u201d, expres\u00f3 a la militancia reunida ante su visita a la ciudad de Orizaba.<\/p>\n\n\n\n<p>Se\u00f1al\u00f3 que, en Morena, adem\u00e1s de c\u00ednicos y mentirosos, resultaron p\u00e9simos para gobernar, \u201cpor ello dicen que si no los apoyan van a desaparecer los programas sociales, pero nosotros vamos a trabajar para regresar los programas que ellos quitaron, como el Seguro Popular, Prospera, las estancias infantiles, los refugios para mujeres, los apoyos para j\u00f3venes emprendedores, los apoyos para el campo, y para productores, porque vamos a ganar la mayor\u00eda en el Congreso de la Uni\u00f3n.\u201d<\/p>\n\n\n\n<p>Puntualiz\u00f3 que, si bien Morena no fue el causante de la pandemia, son los responsables de que no haya un plan nacional de vacunaci\u00f3n eficiente, que no se hayan hecho pruebas, y llevan en sus hombros los m\u00e1s de 200 mil mexicanos muertos por Covid; tambi\u00e9n, que son los responsables de que no haya pruebas de tamiz, y vacunas contra sarampi\u00f3n, t\u00e9tanos y otros.<\/p>\n\n\n\n<p>Al expresar su alegr\u00eda por visitar Orizaba, resalt\u00f3 que los habitantes del municipio cuentan con un gobierno eficiente y eficaz, \u201cporque decidieron con inteligencia, porque contamos con un hombre preparado que dio resultados, que est\u00e1 impulsando la transformaci\u00f3n, que es cercano a la gente; vamos a trabajar todos los d\u00edas para que Igor Roji L\u00f3pez, sea nuestro pr\u00f3ximo diputado federal.\u201d<\/p>\n\n\n\n<p>Alejandro Moreno C\u00e1rdenas, exhort\u00f3 a la militancia a votar 3 de 3 por el logo del PRI el pr\u00f3ximo 6 de junio, a votar por la experiencia y el compromiso, \u201cy con humildad, pedir la confianza a los ciudadanos, decirles que no les vamos a fallar, que vamos a trabajar juntos y en equipo.\u201d<\/p>\n\n\n\n<p>\u201cEstoy seguro, que con el trabajo que est\u00e1 haciendo el partido con nuestra dirigencia estatal encabezada por Marlon Ram\u00edrez Mar\u00edn, sectores, organizaciones, y con todos ustedes, que son lo que est\u00e1n bajo la lluvia y bajo el sol, siempre promoviendo a las candidatas y candidatos del partido, ganaremos la elecci\u00f3n\u201d, a\u00f1adi\u00f3.<\/p>\n\n\n\n<p>Por su parte, Marlon Ram\u00edrez Mar\u00edn, presidente del CDE del PRI en la entidad, agradeci\u00f3 la presencia y el respaldo de Alejandro Moreno C\u00e1rdenas a Veracruz; de igual forma, agradeci\u00f3 a la militancia de Orizaba, R\u00edo Blanco, Ixtaczoquitl\u00e1n y municipios que conforman el distrito 15, que trabajan y apoyan a los candidatos de la alianza Va Por M\u00e9xico y Veracruz Va: Igor Roji L\u00f3pez, a la diputaci\u00f3n federal, y a Juan Manuel Diez Francos, a la presidencia municipal de Orizaba a quien consider\u00f3, \u201ctransformador de la zona centro\u201d.<\/p>\n","protected":false},"excerpt":{"rendered":"<p>Orizaba, Ver. Con la fuerza de las mujeres y hombres de nuestra militancia, as\u00ed como de las candidatas y candidatos de Va por M\u00e9xico y Veracruz Va, vamos a ganar las elecciones el pr\u00f3ximo 6 de junio, a aquellos que hicieron muchos compromisos y no han cumplido nada, a Morena, que es una tragedia para [&hellip;]<\/p>\n","protected":false},"author":2476,"featured_media":14294,"comment_status":"open","ping_status":"open","sticky":false,"template":"","format":"standard","meta":{"_jetpack_memberships_contains_paid_content":false,"footnotes":""},"categories":[2],"tags":[],"class_list":["post-14300","post","type-post","status-publish","format-standard","has-post-thumbnail","hentry","category-estado"],"jetpack_featured_media_url":"https:\/\/encuentroinformativo.com.mx\/wp-content\/uploads\/2021\/05\/888DFDD0-5298-4B09-81F6-C86534D29620.jpeg","jetpack_sharing_enabled":true,"jetpack_likes_enabled":true,"amp_enabled":true,"_links":{"self":[{"href":"https:\/\/encuentroinformativo.com.mx\/index.php?rest_route=\/wp\/v2\/posts\/14300","targetHints":{"allow":["GET"]}}],"collection":[{"href":"https:\/\/encuentroinformativo.com.mx\/index.php?rest_route=\/wp\/v2\/posts"}],"about":[{"href":"https:\/\/encuentroinformativo.com.mx\/index.php?rest_route=\/wp\/v2\/types\/post"}],"author":[{"embeddable":true,"href":"https:\/\/encuentroinformativo.com.mx\/index.php?rest_route=\/wp\/v2\/users\/2476"}],"replies":[{"embeddable":true,"href":"https:\/\/encuentroinformativo.com.mx\/index.php?rest_route=%2Fwp%2Fv2%2Fcomments&post=14300"}],"version-history":[{"count":1,"href":"https:\/\/encuentroinformativo.com.mx\/index.php?rest_route=\/wp\/v2\/posts\/14300\/revisions"}],"predecessor-version":[{"id":14301,"href":"https:\/\/encuentroinformativo.com.mx\/index.php?rest_route=\/wp\/v2\/posts\/14300\/revisions\/14301"}],"wp:featuredmedia":[{"embeddable":true,"href":"https:\/\/encuentroinformativo.com.mx\/index.php?rest_route=\/wp\/v2\/media\/14294"}],"wp:attachment":[{"href":"https:\/\/encuentroinformativo.com.mx\/index.php?rest_route=%2Fwp%2Fv2%2Fmedia&parent=14300"}],"wp:term":[{"taxonomy":"category","embeddable":true,"href":"https:\/\/encuentroinformativo.com.mx\/index.php?rest_route=%2Fwp%2Fv2%2Fcategories&post=14300"},{"taxonomy":"post_tag","embeddable":true,"href":"https:\/\/encuentroinformativo.com.mx\/index.php?rest_route=%2Fwp%2Fv2%2Ftags&post=14300"}],"curies":[{"name":"wp","href":"https:\/\/api.w.org\/{rel}","templated":true}]}}