{"id":14307,"date":"2021-05-20T08:38:40","date_gmt":"2021-05-20T13:38:40","guid":{"rendered":"https:\/\/encuentroinformativo.com.mx\/?p=14307"},"modified":"2021-05-20T08:38:45","modified_gmt":"2021-05-20T13:38:45","slug":"castelan-paleta-y-chiquiyunes","status":"publish","type":"post","link":"https:\/\/encuentroinformativo.com.mx\/?p=14307","title":{"rendered":"Castel\u00e1n, Paleta y Chiquiyunes"},"content":{"rendered":"\n<p><strong>Los Pol\u00edticos<\/strong><\/p>\n\n\n\n<p><strong>Salvador Mu\u00f1oz<\/strong><\/p>\n\n\n\n<p>Faltaba menos de una semana para que las elecciones por la presidencia municipal se realizaran en Veracruz \u00a1y que me lo van bajando de la contienda! El argumento de las autoridades fue: Actos anticipados de campa\u00f1a. Tuvo que entrar un emergente en su lugar y contra lo esperado, el PRI pudo con el Candidato Bombero ganar la presidencia municipal de Orizaba. Paradojas pol\u00edticas. Con el triunfo de Juan Manuel Diez Francos, la Pluviosilla, a partir de ese momento, tuvo un crecimiento envidiable, tanto a nivel estatal como nacional.<\/p>\n\n\n\n<p>Del candidato bajado aquel 2007, V\u00edctor Castel\u00e1n Crivelli, ya casi ni se habl\u00f3. Vamos, hasta su paso por la LXII Legislatura bajo las siglas del PRI pas\u00f3 inadvertido, de no ser por ahora, que rescatado por las siglas de Morena, reaparece como candidato a la presidencia municipal de la Ciudad de las Aguas Alegres y lo que son las cosas, se enfrenta a quien all\u00e1, en el 2007, ocup\u00f3 su lugar para triunfar en las urnas: Juan Manuel Diez Francos.<\/p>\n\n\n\n<p>Tuvieron que pasar catorce a\u00f1os para que Castel\u00e1n Crivelli se levantara del tropiezo que signific\u00f3 que un Tribunal lo bajara de la contienda municipal.<\/p>\n\n\n\n<p>Es curioso, pero en ese mismo a\u00f1o, otro personaje igual fue bajado de la competencia electoral municipal, pero \u00e9ste fue en Xalapa y por el Partido del Trabajo: \u00a1El Paleta Chupada!<\/p>\n\n\n\n<p>Les recuerdo: El Paleta Chupada es Rafael Hern\u00e1ndez Villalpando, como \u00e9l mismo se calific\u00f3 recientemente.<\/p>\n\n\n\n<p>En aquel 2007, las autoridades electorales le dieron baj\u00edn a su candidatura por la presidencia municipal de Xalapa, si mal recuerdo, por algo as\u00ed como falsificaci\u00f3n de datos en la planilla\u2026 pero de que lo bajaron, lo bajaron.<\/p>\n\n\n\n<p>Hay que recordar que Paleta Chupada, en el 2000, fue desaforado cuando fung\u00eda como presidente municipal, cargo al que lleg\u00f3 por el entonces Convergencia por la Democracia. El delito que le imputaron: bigamia.<\/p>\n\n\n\n<p>En el caso de Rafael Hern\u00e1ndez Villalpando, podemos hablar que su regreso al Poder tard\u00f3 m\u00e1s que Castel\u00e1n Crivelli, \u00a118 a\u00f1otes! El asunto es que despu\u00e9s de probarlo, se vuelve adictivo y m\u00e1s cuando se estuvo tanto tiempo en abstinencia.<\/p>\n\n\n\n<p>Hoy, los reflectores est\u00e1n puestos en Miguel \u00c1ngel Yunes M\u00e1rquez aun cuando ya se han bajado a otros candidatos y al por mayor\u2026 claro, ninguno tiene el peso de Chiquiyunes: ex alcalde de Boca del R\u00edo, ex diputado local, ex candidato a Gobernador y recientemente, bajado de la candidatura por ilegibilidad al no comprobar fehacientemente su domicilio en Veracruz.<\/p>\n\n\n\n<p>Las circunstancias son netamente diferentes entre los tres involucrados en estas l\u00edneas\u2026 porque cuando bajaron a Castel\u00e1n, ni ruido hizo; cuando bajaron a Paleta Chupada, ni quien lo extra\u00f1ara; pero en el caso de Yunes M\u00e1rquez, cr\u00e9alo que no se quedar\u00e1 callado. Posiblemente s\u00ed, entre a impugnar su asunto en las \u00faltimas instancias, en el Tribunal Electoral del Poder Judicial de la Federaci\u00f3n.<\/p>\n\n\n\n<p>Lo cierto es que, compita o no en estas pr\u00f3ximas elecciones, la pregunta que debe hacerse uno es: qu\u00e9 va a pasar con Chiquiyunes\u2026 o mejor dicho: cu\u00e1l es el siguiente paso a dar, porque es seguro que ser bajado de la candidatura estaba dentro del presupuesto yunista\u2026 estaba m\u00e1s que cantado\u2026 porque si no es as\u00ed, mal estaba la estrategia; si es lo contrario, posiblemente sin querer, Morena apuntal\u00f3 la carrera de Miguel \u00c1ngel rumbo al 2024\u2026 ser\u00e1 en los pr\u00f3ximos d\u00edas que el mismo Yunes M\u00e1rquez nos d\u00e9 la respuesta.<\/p>\n\n\n\n<p><a href=\"mailto:smcainito@gmail.com\" target=\"_blank\" rel=\"noreferrer noopener\">smcainito@gmail.com<\/a><\/p>\n","protected":false},"excerpt":{"rendered":"<p>Los Pol\u00edticos Salvador Mu\u00f1oz Faltaba menos de una semana para que las elecciones por la presidencia municipal se realizaran en Veracruz \u00a1y que me lo van bajando de la contienda! El argumento de las autoridades fue: Actos anticipados de campa\u00f1a. Tuvo que entrar un emergente en su lugar y contra lo esperado, el PRI pudo [&hellip;]<\/p>\n","protected":false},"author":1,"featured_media":70,"comment_status":"open","ping_status":"open","sticky":false,"template":"","format":"standard","meta":{"_jetpack_memberships_contains_paid_content":false,"footnotes":""},"categories":[11],"tags":[],"class_list":["post-14307","post","type-post","status-publish","format-standard","has-post-thumbnail","hentry","category-opinion"],"jetpack_featured_media_url":"https:\/\/encuentroinformativo.com.mx\/wp-content\/uploads\/2020\/02\/opinion-invitado.jpg","jetpack_sharing_enabled":true,"jetpack_likes_enabled":true,"amp_enabled":true,"_links":{"self":[{"href":"https:\/\/encuentroinformativo.com.mx\/index.php?rest_route=\/wp\/v2\/posts\/14307","targetHints":{"allow":["GET"]}}],"collection":[{"href":"https:\/\/encuentroinformativo.com.mx\/index.php?rest_route=\/wp\/v2\/posts"}],"about":[{"href":"https:\/\/encuentroinformativo.com.mx\/index.php?rest_route=\/wp\/v2\/types\/post"}],"author":[{"embeddable":true,"href":"https:\/\/encuentroinformativo.com.mx\/index.php?rest_route=\/wp\/v2\/users\/1"}],"replies":[{"embeddable":true,"href":"https:\/\/encuentroinformativo.com.mx\/index.php?rest_route=%2Fwp%2Fv2%2Fcomments&post=14307"}],"version-history":[{"count":1,"href":"https:\/\/encuentroinformativo.com.mx\/index.php?rest_route=\/wp\/v2\/posts\/14307\/revisions"}],"predecessor-version":[{"id":14308,"href":"https:\/\/encuentroinformativo.com.mx\/index.php?rest_route=\/wp\/v2\/posts\/14307\/revisions\/14308"}],"wp:featuredmedia":[{"embeddable":true,"href":"https:\/\/encuentroinformativo.com.mx\/index.php?rest_route=\/wp\/v2\/media\/70"}],"wp:attachment":[{"href":"https:\/\/encuentroinformativo.com.mx\/index.php?rest_route=%2Fwp%2Fv2%2Fmedia&parent=14307"}],"wp:term":[{"taxonomy":"category","embeddable":true,"href":"https:\/\/encuentroinformativo.com.mx\/index.php?rest_route=%2Fwp%2Fv2%2Fcategories&post=14307"},{"taxonomy":"post_tag","embeddable":true,"href":"https:\/\/encuentroinformativo.com.mx\/index.php?rest_route=%2Fwp%2Fv2%2Ftags&post=14307"}],"curies":[{"name":"wp","href":"https:\/\/api.w.org\/{rel}","templated":true}]}}