{"id":14312,"date":"2021-05-20T12:09:05","date_gmt":"2021-05-20T17:09:05","guid":{"rendered":"https:\/\/encuentroinformativo.com.mx\/?p=14312"},"modified":"2021-05-20T12:09:08","modified_gmt":"2021-05-20T17:09:08","slug":"demandan-comerciantes-reapertura-de-parques","status":"publish","type":"post","link":"https:\/\/encuentroinformativo.com.mx\/?p=14312","title":{"rendered":"Demandan comerciantes reapertura de parques"},"content":{"rendered":"\n<p><strong>Dar\u00edo Pale <\/strong><\/p>\n\n\n\n<p>Xalapa, Ver.- Jos\u00e9 Marcelino Amaro Morales l\u00edder de los vendedores fijos y semifijos agremiados a la CROC, marcharon por las principales calles de la ciudad y se manifestaron para solicitar el apoyo del gobierno del estado para que se abran los parques y puedan trabajar.<\/p>\n\n\n\n<p>Entrevistado durante la marcha el l\u00edder de los vendedores dio a conocer que quieren la reapertura del parque de los Berros y Los Lagos, al igual que se les d\u00e9 informaci\u00f3n sobre la remodelaci\u00f3n del mercado de La Rotonda, ya que tambi\u00e9n tienen ah\u00ed algunos agremiados, ya que no saben nada del proyecto.<\/p>\n\n\n\n<p>Para lo anterior solicitaron la intervenci\u00f3n del gobierno del estado para que el municipio les reabra los parques, ya que son cerca de 200 vendedores ambulantes entre el parque de Los Berro y Los Lagos.<\/p>\n\n\n\n<p>Se\u00f1al\u00f3 que debido a la pandemia su situaci\u00f3n ha sido muy dif\u00edcil ya que no saben c\u00f3mo es que han subsistido m\u00e1s de un a\u00f1o ya que no cuentan con muchos recursos y tienen servicios que pagar.<\/p>\n\n\n\n<p>Ya han dialogado con el ayuntamiento y han sido tolerantes por el tema de la pandemia, pero ya abrieron otros lugares como son bares, gimnasios, plazas comerciales, tianguis y mercados entre otras m\u00e1s, por lo que ya es necesario que los dejen trabajar, despu\u00e9s de estar sin hacerlo por m\u00e1s de un a\u00f1o.<\/p>\n\n\n\n<p>Finalmente se\u00f1al\u00f3 que espera que haya sensibilidad del gobierno municipal ya que tienen m\u00e1s de un a\u00f1o sin trabajar y ya no pueden estar m\u00e1s tiempo sin poder tener ingresos.<\/p>\n","protected":false},"excerpt":{"rendered":"<p>Dar\u00edo Pale Xalapa, Ver.- Jos\u00e9 Marcelino Amaro Morales l\u00edder de los vendedores fijos y semifijos agremiados a la CROC, marcharon por las principales calles de la ciudad y se manifestaron para solicitar el apoyo del gobierno del estado para que se abran los parques y puedan trabajar. Entrevistado durante la marcha el l\u00edder de los [&hellip;]<\/p>\n","protected":false},"author":1,"featured_media":14313,"comment_status":"open","ping_status":"open","sticky":false,"template":"","format":"standard","meta":{"_jetpack_memberships_contains_paid_content":false,"footnotes":""},"categories":[3],"tags":[],"class_list":["post-14312","post","type-post","status-publish","format-standard","has-post-thumbnail","hentry","category-xalapa"],"jetpack_featured_media_url":"https:\/\/encuentroinformativo.com.mx\/wp-content\/uploads\/2021\/05\/08271576-5313-45C0-A9E7-62D560070C57.jpeg","jetpack_sharing_enabled":true,"jetpack_likes_enabled":true,"amp_enabled":true,"_links":{"self":[{"href":"https:\/\/encuentroinformativo.com.mx\/index.php?rest_route=\/wp\/v2\/posts\/14312","targetHints":{"allow":["GET"]}}],"collection":[{"href":"https:\/\/encuentroinformativo.com.mx\/index.php?rest_route=\/wp\/v2\/posts"}],"about":[{"href":"https:\/\/encuentroinformativo.com.mx\/index.php?rest_route=\/wp\/v2\/types\/post"}],"author":[{"embeddable":true,"href":"https:\/\/encuentroinformativo.com.mx\/index.php?rest_route=\/wp\/v2\/users\/1"}],"replies":[{"embeddable":true,"href":"https:\/\/encuentroinformativo.com.mx\/index.php?rest_route=%2Fwp%2Fv2%2Fcomments&post=14312"}],"version-history":[{"count":1,"href":"https:\/\/encuentroinformativo.com.mx\/index.php?rest_route=\/wp\/v2\/posts\/14312\/revisions"}],"predecessor-version":[{"id":14314,"href":"https:\/\/encuentroinformativo.com.mx\/index.php?rest_route=\/wp\/v2\/posts\/14312\/revisions\/14314"}],"wp:featuredmedia":[{"embeddable":true,"href":"https:\/\/encuentroinformativo.com.mx\/index.php?rest_route=\/wp\/v2\/media\/14313"}],"wp:attachment":[{"href":"https:\/\/encuentroinformativo.com.mx\/index.php?rest_route=%2Fwp%2Fv2%2Fmedia&parent=14312"}],"wp:term":[{"taxonomy":"category","embeddable":true,"href":"https:\/\/encuentroinformativo.com.mx\/index.php?rest_route=%2Fwp%2Fv2%2Fcategories&post=14312"},{"taxonomy":"post_tag","embeddable":true,"href":"https:\/\/encuentroinformativo.com.mx\/index.php?rest_route=%2Fwp%2Fv2%2Ftags&post=14312"}],"curies":[{"name":"wp","href":"https:\/\/api.w.org\/{rel}","templated":true}]}}