{"id":14315,"date":"2021-05-20T12:41:04","date_gmt":"2021-05-20T17:41:04","guid":{"rendered":"https:\/\/encuentroinformativo.com.mx\/?p=14315"},"modified":"2021-05-20T12:41:08","modified_gmt":"2021-05-20T17:41:08","slug":"cierre-de-bar-en-veracruz-no-fue-por-homofobia-aclara-alcalde","status":"publish","type":"post","link":"https:\/\/encuentroinformativo.com.mx\/?p=14315","title":{"rendered":"Cierre de bar en Veracruz no fue por homofobia, aclara alcalde"},"content":{"rendered":"\n<p><strong>Alejandro \u00c1vila<\/strong><\/p>\n\n\n\n<p>Veracruz, Ver.- A trav\u00e9s de su cuenta de Twitter, el alcalde de Veracruz, Fernando Yunes M\u00e1rquez, aclar\u00f3 que el bar Para\u00edso que se ubica en la colonia Zaragoza, no fue cerrado por homofobia, si no por no cumplir con los permisos adecuados para poder operar como comercio.<\/p>\n\n\n\n<p>&#8220;Aclaro este mal entendido: la lona fue hecha por los vecinos, NO por el Ayuntamiento. El establecimiento fue cerrado por no cumplir varios requisitos, JAM\u00c1S por ser de la LGTB a quien respeto y siempre me he pronuciado en favor de sus derechos y he apoyado personalmente&#8221;, menciona el mensaje posteado en su cuenta personal.<\/p>\n\n\n\n<p>Cabe recordar que este miercoles por la ma\u00f1ana comenz\u00f3 a circular una lona ubicada en la calle Santos P\u00e9rez Abascal en la colonia Zaragoza, que dec\u00eda &#8220;Vecinos Unidos, los residentes de la Colonia Zaragoza agradecemos al H. Ayuntamiento de Veracruz por ayudarnos a mantener nuestra colonia LIBRE DE RUIDO, ESCANDALOS Y MALAS PRACTICAS COMO EL HOMOSEXUALISMO&#8221;.<\/p>\n\n\n\n<p>Esta lona circul\u00f3 en redes sociales y se viraliz\u00f3 rapidamente, generando varias criticas en contra de quienes la colocaron; adem\u00e1s, el grupo LGBT &#8220;Soy Humano&#8221; hizo una breve manifestaci\u00f3n en el lugar y reclamaron a los due\u00f1os de la vivienda su poca tolerancia y actos discriminatorios.<\/p>\n\n\n\n<p>M\u00e1s tarde, el due\u00f1o del bar Paraiso, aclar\u00f3 que en ning\u00fan momento el Ayuntamiento de Veracruz les cerr\u00f3 el local por el giro que manejan, sino por la falta de una documentaci\u00f3n, la cual espera arreglar en pr\u00f3ximos d\u00edas para poder volver a abrir su comercio.<\/p>\n","protected":false},"excerpt":{"rendered":"<p>Alejandro \u00c1vila Veracruz, Ver.- A trav\u00e9s de su cuenta de Twitter, el alcalde de Veracruz, Fernando Yunes M\u00e1rquez, aclar\u00f3 que el bar Para\u00edso que se ubica en la colonia Zaragoza, no fue cerrado por homofobia, si no por no cumplir con los permisos adecuados para poder operar como comercio. &#8220;Aclaro este mal entendido: la lona [&hellip;]<\/p>\n","protected":false},"author":1,"featured_media":14316,"comment_status":"open","ping_status":"open","sticky":false,"template":"","format":"standard","meta":{"_jetpack_memberships_contains_paid_content":false,"footnotes":""},"categories":[2],"tags":[],"class_list":["post-14315","post","type-post","status-publish","format-standard","has-post-thumbnail","hentry","category-estado"],"jetpack_featured_media_url":"https:\/\/encuentroinformativo.com.mx\/wp-content\/uploads\/2021\/05\/75D7F77C-7308-4177-939D-06F29A44C64B.jpeg","jetpack_sharing_enabled":true,"jetpack_likes_enabled":true,"amp_enabled":true,"_links":{"self":[{"href":"https:\/\/encuentroinformativo.com.mx\/index.php?rest_route=\/wp\/v2\/posts\/14315","targetHints":{"allow":["GET"]}}],"collection":[{"href":"https:\/\/encuentroinformativo.com.mx\/index.php?rest_route=\/wp\/v2\/posts"}],"about":[{"href":"https:\/\/encuentroinformativo.com.mx\/index.php?rest_route=\/wp\/v2\/types\/post"}],"author":[{"embeddable":true,"href":"https:\/\/encuentroinformativo.com.mx\/index.php?rest_route=\/wp\/v2\/users\/1"}],"replies":[{"embeddable":true,"href":"https:\/\/encuentroinformativo.com.mx\/index.php?rest_route=%2Fwp%2Fv2%2Fcomments&post=14315"}],"version-history":[{"count":1,"href":"https:\/\/encuentroinformativo.com.mx\/index.php?rest_route=\/wp\/v2\/posts\/14315\/revisions"}],"predecessor-version":[{"id":14317,"href":"https:\/\/encuentroinformativo.com.mx\/index.php?rest_route=\/wp\/v2\/posts\/14315\/revisions\/14317"}],"wp:featuredmedia":[{"embeddable":true,"href":"https:\/\/encuentroinformativo.com.mx\/index.php?rest_route=\/wp\/v2\/media\/14316"}],"wp:attachment":[{"href":"https:\/\/encuentroinformativo.com.mx\/index.php?rest_route=%2Fwp%2Fv2%2Fmedia&parent=14315"}],"wp:term":[{"taxonomy":"category","embeddable":true,"href":"https:\/\/encuentroinformativo.com.mx\/index.php?rest_route=%2Fwp%2Fv2%2Fcategories&post=14315"},{"taxonomy":"post_tag","embeddable":true,"href":"https:\/\/encuentroinformativo.com.mx\/index.php?rest_route=%2Fwp%2Fv2%2Ftags&post=14315"}],"curies":[{"name":"wp","href":"https:\/\/api.w.org\/{rel}","templated":true}]}}