{"id":14318,"date":"2021-05-20T13:13:04","date_gmt":"2021-05-20T18:13:04","guid":{"rendered":"https:\/\/encuentroinformativo.com.mx\/?p=14318"},"modified":"2021-05-20T13:13:08","modified_gmt":"2021-05-20T18:13:08","slug":"cen-decidira-candidatura-a-veracruz-puerto","status":"publish","type":"post","link":"https:\/\/encuentroinformativo.com.mx\/?p=14318","title":{"rendered":"CEN decidir\u00e1 candidatura a Veracruz puerto"},"content":{"rendered":"\n<p><strong>Juan Arcos<\/strong><\/p>\n\n\n\n<p>Xalapa, Ver.- El dirigente estatal del Partido Acci\u00f3n Nacional (PAN), Joaqu\u00edn Guzm\u00e1n Avil\u00e9s, dio a conocer que este jueves se conocer\u00e1 qui\u00e9n ser\u00e1 el candidato a la alcald\u00eda de Veracruz, luego de que el Tribunal Electoral desechara la candidatura de Miguel \u00c1ngel Yunes M\u00e1rquez.<\/p>\n\n\n\n<p>El l\u00edder albiazul detall\u00f3 que ser\u00e1 el Comit\u00e9 Ejecutivo Nacional (CEN) del PAN quien defina dicha candidatura, a m\u00e1s tardar a las siete de la noche.<\/p>\n\n\n\n<p>Tambi\u00e9n indic\u00f3 que se llevar\u00e1 a cabo el registro de aspirantes, donde cualquier militante podr\u00e1 participar.<\/p>\n\n\n\n<p>Mencion\u00f3 que ser\u00e1 tomada en cuenta la propuesta de Yunes M\u00e1rquez; sin embargo, no ser\u00e1 \u00e9l quien tome la \u00faltima decisi\u00f3n.<\/p>\n\n\n\n<p>\u201cHay una convocatoria abierta, y hay que hacerlo conforme al reglamento\u201d, expres\u00f3 en la firma de compromisos humanistas del candidato a la alcald\u00eda de Xalapa, David Velasco Chedraui.<\/p>\n\n\n\n<p>Adem\u00e1s, dijo desconocer si Patricia Lobeira Rodr\u00edguez present\u00f3 su registro para suplir a su esposo Miguel \u00c1ngel Yunes M\u00e1rquez como candidata a la alcald\u00eda del puerto de Veracruz por la alianza \u201cVa por Veracruz\u201d.<\/p>\n\n\n\n<p>Cabe recordar que el pasado martes 18 de mayo el Tribunal Electoral de Veracruz ech\u00f3 abajo la candidatura de Yunes M\u00e1rquez por considerar que no reun\u00eda el requisito de domicilio efectivo en el puerto de Veracruz.<\/p>\n","protected":false},"excerpt":{"rendered":"<p>Juan Arcos Xalapa, Ver.- El dirigente estatal del Partido Acci\u00f3n Nacional (PAN), Joaqu\u00edn Guzm\u00e1n Avil\u00e9s, dio a conocer que este jueves se conocer\u00e1 qui\u00e9n ser\u00e1 el candidato a la alcald\u00eda de Veracruz, luego de que el Tribunal Electoral desechara la candidatura de Miguel \u00c1ngel Yunes M\u00e1rquez. El l\u00edder albiazul detall\u00f3 que ser\u00e1 el Comit\u00e9 Ejecutivo [&hellip;]<\/p>\n","protected":false},"author":1,"featured_media":14319,"comment_status":"open","ping_status":"open","sticky":false,"template":"","format":"standard","meta":{"_jetpack_memberships_contains_paid_content":false,"footnotes":""},"categories":[2],"tags":[],"class_list":["post-14318","post","type-post","status-publish","format-standard","has-post-thumbnail","hentry","category-estado"],"jetpack_featured_media_url":"https:\/\/encuentroinformativo.com.mx\/wp-content\/uploads\/2021\/05\/62511649-BF4E-4073-B683-8D70CD07C785.jpeg","jetpack_sharing_enabled":true,"jetpack_likes_enabled":true,"amp_enabled":true,"_links":{"self":[{"href":"https:\/\/encuentroinformativo.com.mx\/index.php?rest_route=\/wp\/v2\/posts\/14318","targetHints":{"allow":["GET"]}}],"collection":[{"href":"https:\/\/encuentroinformativo.com.mx\/index.php?rest_route=\/wp\/v2\/posts"}],"about":[{"href":"https:\/\/encuentroinformativo.com.mx\/index.php?rest_route=\/wp\/v2\/types\/post"}],"author":[{"embeddable":true,"href":"https:\/\/encuentroinformativo.com.mx\/index.php?rest_route=\/wp\/v2\/users\/1"}],"replies":[{"embeddable":true,"href":"https:\/\/encuentroinformativo.com.mx\/index.php?rest_route=%2Fwp%2Fv2%2Fcomments&post=14318"}],"version-history":[{"count":1,"href":"https:\/\/encuentroinformativo.com.mx\/index.php?rest_route=\/wp\/v2\/posts\/14318\/revisions"}],"predecessor-version":[{"id":14320,"href":"https:\/\/encuentroinformativo.com.mx\/index.php?rest_route=\/wp\/v2\/posts\/14318\/revisions\/14320"}],"wp:featuredmedia":[{"embeddable":true,"href":"https:\/\/encuentroinformativo.com.mx\/index.php?rest_route=\/wp\/v2\/media\/14319"}],"wp:attachment":[{"href":"https:\/\/encuentroinformativo.com.mx\/index.php?rest_route=%2Fwp%2Fv2%2Fmedia&parent=14318"}],"wp:term":[{"taxonomy":"category","embeddable":true,"href":"https:\/\/encuentroinformativo.com.mx\/index.php?rest_route=%2Fwp%2Fv2%2Fcategories&post=14318"},{"taxonomy":"post_tag","embeddable":true,"href":"https:\/\/encuentroinformativo.com.mx\/index.php?rest_route=%2Fwp%2Fv2%2Ftags&post=14318"}],"curies":[{"name":"wp","href":"https:\/\/api.w.org\/{rel}","templated":true}]}}