{"id":14322,"date":"2021-05-20T13:42:22","date_gmt":"2021-05-20T18:42:22","guid":{"rendered":"https:\/\/encuentroinformativo.com.mx\/?p=14322"},"modified":"2021-05-20T13:42:26","modified_gmt":"2021-05-20T18:42:26","slug":"ofrecen-candidatos-reactivacion-economica","status":"publish","type":"post","link":"https:\/\/encuentroinformativo.com.mx\/?p=14322","title":{"rendered":"Ofrecen candidatos reactivaci\u00f3n econ\u00f3mica"},"content":{"rendered":"\n<p><strong>Alejandro \u00c1vila<\/strong><\/p>\n\n\n\n<p>Veracruz, Ver.- La presidenta estatal del programa Recupera, Anil\u00fa Ingram Vallines, asegur\u00f3 que replicar\u00e1 lo realizado en la diputaci\u00f3n federal, ahora en el Congreso Local de Veracruz.<\/p>\n\n\n\n<p>En reuni\u00f3n de trabajo con los agremiados a la C\u00e1mara Nacional de Comercio (CANACO) en Veracruz, record\u00f3 que hace unas semanas en San L\u00e1zaro fue reconocida como la diputada federal de Veracruz m\u00e1s productiva.<\/p>\n\n\n\n<p>Esto, asegur\u00f3, se debe a que program\u00f3 una agenda en conjunto con distintos sectores de la sociedad, a fin de llevar la voz de los grupos m\u00e1s afectados al Congreso Federal.<\/p>\n\n\n\n<p>&#8220;Una agenda de mujeres, una agenda de reactivaci\u00f3n econ\u00f3mica, que hoy la vamos a poner sobre la mesa, que la vamos a platicar, que la vamos a madurar, y que se trata tambi\u00e9n de hacer una agenda en conjunto, que sepan que las preocupaciones por parte de la CANACO y los integrantes, son nuestras propias preocupaciones y que hoy tenemos la gran coincidencia por Veracruz. Tenemos que replicar mucha de esta agenda que logramos consolidar en San L\u00e1zaro, tenemos que armonizarla en el Congreso de Veracruz&#8221;, asest\u00f3.<\/p>\n\n\n\n<p>Finalmente, Ingram Vallines dijo que en esta segunda etapa de la campa\u00f1a pol\u00edtica, la alianza &#8220;Veracruz Va&#8221; se esforzar\u00e1 a\u00fan m\u00e1s para lograr el triunfo el pr\u00f3ximo 6 de junio.<\/p>\n\n\n\n<p>&#8220;Sin duda este 6 de junio se va a levantar en triunfo la alianza PRI, PAN, PRD&#8221;.<\/p>\n","protected":false},"excerpt":{"rendered":"<p>Alejandro \u00c1vila Veracruz, Ver.- La presidenta estatal del programa Recupera, Anil\u00fa Ingram Vallines, asegur\u00f3 que replicar\u00e1 lo realizado en la diputaci\u00f3n federal, ahora en el Congreso Local de Veracruz. En reuni\u00f3n de trabajo con los agremiados a la C\u00e1mara Nacional de Comercio (CANACO) en Veracruz, record\u00f3 que hace unas semanas en San L\u00e1zaro fue reconocida [&hellip;]<\/p>\n","protected":false},"author":1,"featured_media":14323,"comment_status":"open","ping_status":"open","sticky":false,"template":"","format":"standard","meta":{"_jetpack_memberships_contains_paid_content":false,"footnotes":""},"categories":[2],"tags":[],"class_list":["post-14322","post","type-post","status-publish","format-standard","has-post-thumbnail","hentry","category-estado"],"jetpack_featured_media_url":"https:\/\/encuentroinformativo.com.mx\/wp-content\/uploads\/2021\/05\/4C40F30E-1157-4303-A61C-DE300FC71CCB.jpeg","jetpack_sharing_enabled":true,"jetpack_likes_enabled":true,"amp_enabled":true,"_links":{"self":[{"href":"https:\/\/encuentroinformativo.com.mx\/index.php?rest_route=\/wp\/v2\/posts\/14322","targetHints":{"allow":["GET"]}}],"collection":[{"href":"https:\/\/encuentroinformativo.com.mx\/index.php?rest_route=\/wp\/v2\/posts"}],"about":[{"href":"https:\/\/encuentroinformativo.com.mx\/index.php?rest_route=\/wp\/v2\/types\/post"}],"author":[{"embeddable":true,"href":"https:\/\/encuentroinformativo.com.mx\/index.php?rest_route=\/wp\/v2\/users\/1"}],"replies":[{"embeddable":true,"href":"https:\/\/encuentroinformativo.com.mx\/index.php?rest_route=%2Fwp%2Fv2%2Fcomments&post=14322"}],"version-history":[{"count":1,"href":"https:\/\/encuentroinformativo.com.mx\/index.php?rest_route=\/wp\/v2\/posts\/14322\/revisions"}],"predecessor-version":[{"id":14324,"href":"https:\/\/encuentroinformativo.com.mx\/index.php?rest_route=\/wp\/v2\/posts\/14322\/revisions\/14324"}],"wp:featuredmedia":[{"embeddable":true,"href":"https:\/\/encuentroinformativo.com.mx\/index.php?rest_route=\/wp\/v2\/media\/14323"}],"wp:attachment":[{"href":"https:\/\/encuentroinformativo.com.mx\/index.php?rest_route=%2Fwp%2Fv2%2Fmedia&parent=14322"}],"wp:term":[{"taxonomy":"category","embeddable":true,"href":"https:\/\/encuentroinformativo.com.mx\/index.php?rest_route=%2Fwp%2Fv2%2Fcategories&post=14322"},{"taxonomy":"post_tag","embeddable":true,"href":"https:\/\/encuentroinformativo.com.mx\/index.php?rest_route=%2Fwp%2Fv2%2Ftags&post=14322"}],"curies":[{"name":"wp","href":"https:\/\/api.w.org\/{rel}","templated":true}]}}