{"id":14331,"date":"2021-05-20T14:52:47","date_gmt":"2021-05-20T19:52:47","guid":{"rendered":"https:\/\/encuentroinformativo.com.mx\/?p=14331"},"modified":"2021-05-20T14:52:51","modified_gmt":"2021-05-20T19:52:51","slug":"se-incendio-pipa-en-carretera-veracruz-cardel","status":"publish","type":"post","link":"https:\/\/encuentroinformativo.com.mx\/?p=14331","title":{"rendered":"Se incendi\u00f3 pipa en carretera Veracruz &#8211; Cardel"},"content":{"rendered":"\n<p><strong>Alejandro \u00c1vila<\/strong><\/p>\n\n\n\n<p>Veracruz, Ver.- En la carretera de salida del municipio de Veracruz pasando el centro comercial Diverplaza, una pipa de diesel volc\u00f3 y se incendio durante varios minutos, alarmando a toda la poblaci\u00f3n pues se supon\u00eda un riesgo mayor y explosi\u00f3n.<\/p>\n\n\n\n<p>El director de Protecci\u00f3n Civil del Ayuntamiento de Veracruz, Alfonso Garc\u00eda Cardona, declar\u00f3 que se trataba de una pipa que transportaba diesel y que al sofocar el fuego todav\u00eda se encontraba a la mitad de su capacidad, al tiempo que aclar\u00f3 es mucho m\u00e1s f\u00e1cil controlar este tipo de combustible, que la gasolina.<\/p>\n\n\n\n<p>&#8220;Supones que es diesel, por el comportamiento y el olor, ahorita como ves ya no hay fuego, ya se pudo controlar, el tanque est\u00e1 a la mitad, entonces tenemos que seguir enfriando, a que cese el movimiento para ver que no haya otro incidente y vamos a estar aqu\u00ed un rato m\u00e1s&#8221;, se\u00f1al\u00f3.<\/p>\n\n\n\n<p>El jefe del Heroico Cuerpo de Bomberos del municipio de Veracruz, mencion\u00f3 que solicitaron el apoyo de Bomberos Conurbados de Boca del R\u00edo, toda vez que se incendio parte de un pastizal, aunque ambas acciones fueron controladas casi una hora despu\u00e9s.<\/p>\n\n\n\n<p>Expuso que la carretera estar\u00e1 cerrada durante varias horas, pues hubo un derrame considerable de combustible y las autoridades correspondientes deben dar la autorizaci\u00f3n para poder abrir la vialidad, en este caso, Guardia Nacional.<\/p>\n\n\n\n<p>Si bien fue notificado personal de la Procuradur\u00eda de Medio Ambiente, pues algunos l\u00edquidos se vertieron al r\u00edo medio podr\u00edan llegar al mar, no hab\u00eda llegado nadie al lugar, una hora despu\u00e9s del incidente.<br><\/p>\n\n\n\n<figure class=\"wp-block-image size-large\"><img loading=\"lazy\" decoding=\"async\" width=\"1024\" height=\"768\" src=\"https:\/\/encuentroinformativo.com.mx\/wp-content\/uploads\/2021\/05\/BE4602F2-F660-4CD1-8E84-CE7B6EC3D8CE-1024x768.jpeg\" alt=\"\" class=\"wp-image-14333\" srcset=\"https:\/\/encuentroinformativo.com.mx\/wp-content\/uploads\/2021\/05\/BE4602F2-F660-4CD1-8E84-CE7B6EC3D8CE-1024x768.jpeg 1024w, https:\/\/encuentroinformativo.com.mx\/wp-content\/uploads\/2021\/05\/BE4602F2-F660-4CD1-8E84-CE7B6EC3D8CE-300x225.jpeg 300w, https:\/\/encuentroinformativo.com.mx\/wp-content\/uploads\/2021\/05\/BE4602F2-F660-4CD1-8E84-CE7B6EC3D8CE-768x576.jpeg 768w, https:\/\/encuentroinformativo.com.mx\/wp-content\/uploads\/2021\/05\/BE4602F2-F660-4CD1-8E84-CE7B6EC3D8CE-1536x1152.jpeg 1536w, https:\/\/encuentroinformativo.com.mx\/wp-content\/uploads\/2021\/05\/BE4602F2-F660-4CD1-8E84-CE7B6EC3D8CE.jpeg 1600w\" sizes=\"auto, (max-width: 1024px) 100vw, 1024px\" \/><\/figure>\n","protected":false},"excerpt":{"rendered":"<p>Alejandro \u00c1vila Veracruz, Ver.- En la carretera de salida del municipio de Veracruz pasando el centro comercial Diverplaza, una pipa de diesel volc\u00f3 y se incendio durante varios minutos, alarmando a toda la poblaci\u00f3n pues se supon\u00eda un riesgo mayor y explosi\u00f3n. El director de Protecci\u00f3n Civil del Ayuntamiento de Veracruz, Alfonso Garc\u00eda Cardona, declar\u00f3 [&hellip;]<\/p>\n","protected":false},"author":1,"featured_media":14332,"comment_status":"open","ping_status":"open","sticky":false,"template":"","format":"standard","meta":{"_jetpack_memberships_contains_paid_content":false,"footnotes":""},"categories":[2],"tags":[],"class_list":["post-14331","post","type-post","status-publish","format-standard","has-post-thumbnail","hentry","category-estado"],"jetpack_featured_media_url":"https:\/\/encuentroinformativo.com.mx\/wp-content\/uploads\/2021\/05\/8DBA68D0-8625-47F4-BD47-EED35D8707CA.jpeg","jetpack_sharing_enabled":true,"jetpack_likes_enabled":true,"amp_enabled":true,"_links":{"self":[{"href":"https:\/\/encuentroinformativo.com.mx\/index.php?rest_route=\/wp\/v2\/posts\/14331","targetHints":{"allow":["GET"]}}],"collection":[{"href":"https:\/\/encuentroinformativo.com.mx\/index.php?rest_route=\/wp\/v2\/posts"}],"about":[{"href":"https:\/\/encuentroinformativo.com.mx\/index.php?rest_route=\/wp\/v2\/types\/post"}],"author":[{"embeddable":true,"href":"https:\/\/encuentroinformativo.com.mx\/index.php?rest_route=\/wp\/v2\/users\/1"}],"replies":[{"embeddable":true,"href":"https:\/\/encuentroinformativo.com.mx\/index.php?rest_route=%2Fwp%2Fv2%2Fcomments&post=14331"}],"version-history":[{"count":1,"href":"https:\/\/encuentroinformativo.com.mx\/index.php?rest_route=\/wp\/v2\/posts\/14331\/revisions"}],"predecessor-version":[{"id":14334,"href":"https:\/\/encuentroinformativo.com.mx\/index.php?rest_route=\/wp\/v2\/posts\/14331\/revisions\/14334"}],"wp:featuredmedia":[{"embeddable":true,"href":"https:\/\/encuentroinformativo.com.mx\/index.php?rest_route=\/wp\/v2\/media\/14332"}],"wp:attachment":[{"href":"https:\/\/encuentroinformativo.com.mx\/index.php?rest_route=%2Fwp%2Fv2%2Fmedia&parent=14331"}],"wp:term":[{"taxonomy":"category","embeddable":true,"href":"https:\/\/encuentroinformativo.com.mx\/index.php?rest_route=%2Fwp%2Fv2%2Fcategories&post=14331"},{"taxonomy":"post_tag","embeddable":true,"href":"https:\/\/encuentroinformativo.com.mx\/index.php?rest_route=%2Fwp%2Fv2%2Ftags&post=14331"}],"curies":[{"name":"wp","href":"https:\/\/api.w.org\/{rel}","templated":true}]}}