{"id":1434,"date":"2020-03-30T18:42:58","date_gmt":"2020-03-31T00:42:58","guid":{"rendered":"https:\/\/encuentroinformativo.com\/?p=1434"},"modified":"2020-03-30T18:43:00","modified_gmt":"2020-03-31T00:43:00","slug":"conmocion-por-ataque-a-reportera-en-papantla","status":"publish","type":"post","link":"https:\/\/encuentroinformativo.com.mx\/?p=1434","title":{"rendered":"Conmoci\u00f3n por ataque a reportera en Papantla"},"content":{"rendered":"\n<p><strong>Redacci\u00f3n <\/strong><\/p>\n\n\n\n<p>Xalapa, Ver.- La tarde de este lunes trascendi\u00f3 el\nataque a la reportera Mar\u00eda Elena Ferral en el municipio de Papantla. <\/p>\n\n\n\n<p>De acuerdo a los primeros reportes la periodista se\ndirig\u00eda a abordar su veh\u00edculo cuando fue agredida por hombres desconocidos, recibiendo\nal menos tres impactos de bala. <\/p>\n\n\n\n<p>\u201cEstimados compa\u00f1eros. La compa\u00f1era Mar\u00eda Elena\nFerral se encuentra en el Hospital Regional en Papantla. Se encuentra grave. En\ncuanto tengamos informaci\u00f3n corroborada de los hechos y de su estado de salud,\nse los haremos saber con oportunidad\u201d.<\/p>\n\n\n\n<p>Por su parte, autoridades de la Fiscal\u00eda General\ndel Estado dieron a conocer que iniciaron la carpeta de investigaci\u00f3n correspondiente\nsobre los hechos; mientras que legisladores ya han condenado los hechos. <\/p>\n\n\n\n<p>A su vez el gobernador Cuitl\u00e1huac Garc\u00eda mediante\nredes sociales se\u00f1al\u00f3 que se busca salvar su vida, por lo que acus\u00f3 que los\nhechos se utilicen para golpear a su gobierno. <\/p>\n\n\n\n<p>Cabe recordar que en su momento la corresponsal del\nDiario de Xalapa, acus\u00f3 recibir amenazas de los llamados caciques de la regi\u00f3n\nde Coxquihui. &nbsp;&nbsp;<\/p>\n","protected":false},"excerpt":{"rendered":"<p>Redacci\u00f3n Xalapa, Ver.- La tarde de este lunes trascendi\u00f3 el ataque a la reportera Mar\u00eda Elena Ferral en el municipio de Papantla. De acuerdo a los primeros reportes la periodista se dirig\u00eda a abordar su veh\u00edculo cuando fue agredida por hombres desconocidos, recibiendo al menos tres impactos de bala. \u201cEstimados compa\u00f1eros. La compa\u00f1era Mar\u00eda Elena [&hellip;]<\/p>\n","protected":false},"author":1,"featured_media":52,"comment_status":"open","ping_status":"open","sticky":false,"template":"","format":"standard","meta":{"_jetpack_memberships_contains_paid_content":false,"footnotes":""},"categories":[2],"tags":[],"class_list":["post-1434","post","type-post","status-publish","format-standard","has-post-thumbnail","hentry","category-estado"],"jetpack_featured_media_url":"https:\/\/encuentroinformativo.com.mx\/wp-content\/uploads\/2020\/02\/img_7316-1.jpg","jetpack_sharing_enabled":true,"jetpack_likes_enabled":true,"amp_enabled":true,"_links":{"self":[{"href":"https:\/\/encuentroinformativo.com.mx\/index.php?rest_route=\/wp\/v2\/posts\/1434","targetHints":{"allow":["GET"]}}],"collection":[{"href":"https:\/\/encuentroinformativo.com.mx\/index.php?rest_route=\/wp\/v2\/posts"}],"about":[{"href":"https:\/\/encuentroinformativo.com.mx\/index.php?rest_route=\/wp\/v2\/types\/post"}],"author":[{"embeddable":true,"href":"https:\/\/encuentroinformativo.com.mx\/index.php?rest_route=\/wp\/v2\/users\/1"}],"replies":[{"embeddable":true,"href":"https:\/\/encuentroinformativo.com.mx\/index.php?rest_route=%2Fwp%2Fv2%2Fcomments&post=1434"}],"version-history":[{"count":1,"href":"https:\/\/encuentroinformativo.com.mx\/index.php?rest_route=\/wp\/v2\/posts\/1434\/revisions"}],"predecessor-version":[{"id":1435,"href":"https:\/\/encuentroinformativo.com.mx\/index.php?rest_route=\/wp\/v2\/posts\/1434\/revisions\/1435"}],"wp:featuredmedia":[{"embeddable":true,"href":"https:\/\/encuentroinformativo.com.mx\/index.php?rest_route=\/wp\/v2\/media\/52"}],"wp:attachment":[{"href":"https:\/\/encuentroinformativo.com.mx\/index.php?rest_route=%2Fwp%2Fv2%2Fmedia&parent=1434"}],"wp:term":[{"taxonomy":"category","embeddable":true,"href":"https:\/\/encuentroinformativo.com.mx\/index.php?rest_route=%2Fwp%2Fv2%2Fcategories&post=1434"},{"taxonomy":"post_tag","embeddable":true,"href":"https:\/\/encuentroinformativo.com.mx\/index.php?rest_route=%2Fwp%2Fv2%2Ftags&post=1434"}],"curies":[{"name":"wp","href":"https:\/\/api.w.org\/{rel}","templated":true}]}}