{"id":14345,"date":"2021-05-20T17:03:34","date_gmt":"2021-05-20T22:03:34","guid":{"rendered":"https:\/\/encuentroinformativo.com.mx\/?p=14345"},"modified":"2021-05-20T17:03:37","modified_gmt":"2021-05-20T22:03:37","slug":"avala-pan-candidatura-de-esposa-de-yunes-marquez","status":"publish","type":"post","link":"https:\/\/encuentroinformativo.com.mx\/?p=14345","title":{"rendered":"Avala PAN candidatura de esposa de Yunes M\u00e1rquez"},"content":{"rendered":"\n<p><strong>Juan Arcos<\/strong><\/p>\n\n\n\n<p>Xalapa, Ver.- La Comisi\u00f3n Permanente estatal del Partido Acci\u00f3n Nacional (PAN) en Veracruz aprob\u00f3 por unanimidad el registro de la precandidatura para la presidencia municipal de Veracruz, luego de que el Tribunal Electoral local desechara la candidatura de Miguel \u00c1ngel Yunes M\u00e1rquez por no acreditar su residencia en el lugar donde ser\u00eda votado.<\/p>\n\n\n\n<p>En cumplimiento a la sentencia del Tribunal Electoral del Estado de Veracruz, reca\u00edda en el Expediente TEV- RAP-24\/2021, fue aceptada la solicitud de participaci\u00f3n, de Patricia Lobeira Rodr\u00edguez, esposa de Yunes M\u00e1rquez, tambi\u00e9n excandidato a la gubernatura del estado, quedando como la ciudadana Alma Roc\u00edo de la Miyar Andreu.<\/p>\n\n\n\n<p>El presidente del Comit\u00e9 Directivo Estatal (CDE) del PAN, Joaqu\u00edn Guzm\u00e1n Avil\u00e9s, reiter\u00f3 que este partido contin\u00faa en defensa de la democracia en Veracruz, dando cumplimiento a lo establecido por el \u00f3rgano de justicia electoral estatal.<\/p>\n\n\n\n<p>Lo anterior, enfatiz\u00f3, en total respeto a las medidas legales que tome Miguel \u00c1ngel Yunes M\u00e1rquez, hijo del exgobernador panista Miguel \u00c1ngel Yunes Linares, ante la suspensi\u00f3n de su candidatura por la alcald\u00eda de Veracruz.<\/p>\n\n\n\n<p>\u201cAl r\u00e9gimen de Morena les decimos que en el PAN seguiremos defendiendo a nuestras candidatas y candidatos frente al atropello a la democracia que preparan desde el gobierno. Seguimos en la defensa de la voluntad de las y los ciudadanos\u201d, expres\u00f3.<\/p>\n\n\n\n<p>El l\u00edder albiazul record\u00f3 que la precandidatura aprobada en sesi\u00f3n de la Comisi\u00f3n Permanente, deber\u00e1 ser analizada y, en su caso, ratificada por la Comisi\u00f3n Permanente Nacional del PAN.<\/p>\n\n\n\n<p>Cabe recordar que el pasado martes 18 de mayo el Tribunal Electoral de Veracruz ech\u00f3 abajo la candidatura de Yunes M\u00e1rquez por considerar que no reun\u00eda el requisito de domicilio efectivo en el puerto de Veracruz.<\/p>\n","protected":false},"excerpt":{"rendered":"<p>Juan Arcos Xalapa, Ver.- La Comisi\u00f3n Permanente estatal del Partido Acci\u00f3n Nacional (PAN) en Veracruz aprob\u00f3 por unanimidad el registro de la precandidatura para la presidencia municipal de Veracruz, luego de que el Tribunal Electoral local desechara la candidatura de Miguel \u00c1ngel Yunes M\u00e1rquez por no acreditar su residencia en el lugar donde ser\u00eda votado. [&hellip;]<\/p>\n","protected":false},"author":1,"featured_media":14089,"comment_status":"open","ping_status":"open","sticky":false,"template":"","format":"standard","meta":{"_jetpack_memberships_contains_paid_content":false,"footnotes":""},"categories":[2],"tags":[],"class_list":["post-14345","post","type-post","status-publish","format-standard","has-post-thumbnail","hentry","category-estado"],"jetpack_featured_media_url":"https:\/\/encuentroinformativo.com.mx\/wp-content\/uploads\/2021\/05\/0C9D613F-64A6-4169-91F9-55B60773B965.jpeg","jetpack_sharing_enabled":true,"jetpack_likes_enabled":true,"amp_enabled":true,"_links":{"self":[{"href":"https:\/\/encuentroinformativo.com.mx\/index.php?rest_route=\/wp\/v2\/posts\/14345","targetHints":{"allow":["GET"]}}],"collection":[{"href":"https:\/\/encuentroinformativo.com.mx\/index.php?rest_route=\/wp\/v2\/posts"}],"about":[{"href":"https:\/\/encuentroinformativo.com.mx\/index.php?rest_route=\/wp\/v2\/types\/post"}],"author":[{"embeddable":true,"href":"https:\/\/encuentroinformativo.com.mx\/index.php?rest_route=\/wp\/v2\/users\/1"}],"replies":[{"embeddable":true,"href":"https:\/\/encuentroinformativo.com.mx\/index.php?rest_route=%2Fwp%2Fv2%2Fcomments&post=14345"}],"version-history":[{"count":1,"href":"https:\/\/encuentroinformativo.com.mx\/index.php?rest_route=\/wp\/v2\/posts\/14345\/revisions"}],"predecessor-version":[{"id":14346,"href":"https:\/\/encuentroinformativo.com.mx\/index.php?rest_route=\/wp\/v2\/posts\/14345\/revisions\/14346"}],"wp:featuredmedia":[{"embeddable":true,"href":"https:\/\/encuentroinformativo.com.mx\/index.php?rest_route=\/wp\/v2\/media\/14089"}],"wp:attachment":[{"href":"https:\/\/encuentroinformativo.com.mx\/index.php?rest_route=%2Fwp%2Fv2%2Fmedia&parent=14345"}],"wp:term":[{"taxonomy":"category","embeddable":true,"href":"https:\/\/encuentroinformativo.com.mx\/index.php?rest_route=%2Fwp%2Fv2%2Fcategories&post=14345"},{"taxonomy":"post_tag","embeddable":true,"href":"https:\/\/encuentroinformativo.com.mx\/index.php?rest_route=%2Fwp%2Fv2%2Ftags&post=14345"}],"curies":[{"name":"wp","href":"https:\/\/api.w.org\/{rel}","templated":true}]}}