{"id":14347,"date":"2021-05-20T21:12:28","date_gmt":"2021-05-21T02:12:28","guid":{"rendered":"https:\/\/encuentroinformativo.com.mx\/?p=14347"},"modified":"2021-05-20T21:12:32","modified_gmt":"2021-05-21T02:12:32","slug":"sere-candidata-por-unos-dias-patricia-lobeira","status":"publish","type":"post","link":"https:\/\/encuentroinformativo.com.mx\/?p=14347","title":{"rendered":"Ser\u00e9 candidata por unos d\u00edas: Patricia Lobeira"},"content":{"rendered":"\n<p><strong>Alejandro \u00c1vila<\/strong><\/p>\n\n\n\n<p>Veracruz, Ver.- A trav\u00e9s de redes sociales, Patricia Lobeira Rodr\u00edguez, asegur\u00f3 que s\u00ed solicit\u00f3 la inscripci\u00f3n de registro como candidata a la alcald\u00eda de Veracruz por el PAN, es por el amor a Miguel \u00c1ngel, a su ciudad y sus hijos.<\/p>\n\n\n\n<p>En ese sentido, dijo que no tiene la menor duda que su esposo pronto regresar\u00e1 a realizar campa\u00f1a, cuando la Sala Superior del Tribunal Electoral le regrese la candidatura, pero por el momento, &#8220;ser\u00e1 un honor encabezar, por unos d\u00edas, este gran equipo&#8221;.<\/p>\n\n\n\n<p>\u201cLo hago, por amor a \u00e9l, como su compa\u00f1era, como su equipo incondicional, pero sobre todo por amor a mi ciudad y a mis hijos. Porque no podemos permitir que a Veracruz le cancelen de un plumazo un futuro tan brillante como el que Miguel, junto con toda la gente, puede construir\u201d afirm\u00f3.<\/p>\n\n\n\n<p>La ex presidenta del DIF de Boca del R\u00edo en dos ocasiones, reconoci\u00f3 al gran equipo de trabajo que se form\u00f3 para esta campa\u00f1a, y agradeci\u00f3 el esfuerzo que realizan d\u00eda a d\u00eda.<\/p>\n\n\n\n<p>\u201cCada uno de ustedes tienen toda mi admiraci\u00f3n y gratitud porque s\u00e9 del enorme esfuerzo que hacen en sus colonias para seguir convenciendo a la gente de que un gobierno sensible y que pone por delante el bien de la mayor\u00eda, s\u00ed es posible\u201d.<\/p>\n\n\n\n<p>Lobeira Rodr\u00edguez se\u00f1al\u00f3 que la gente ya la conoce, porque la han visto en las calles de la ciudad desde hace muchos a\u00f1os y \u00faltimamente en los recorridos acompa\u00f1ando a Miguel, su esposo, por las colonias de Veracruz.<\/p>\n\n\n\n<p>\u201cDesde que \u00e9ramos novios, Migue ya estaba en la lucha, una lucha que hice m\u00eda: hacer de Veracruz un mejor lugar para vivir. Siempre he visto luchar a Miguel as\u00ed, como es \u00e9l: frontal, valiente, inteligente y, sobre todo, sensible de las necesidades de las familias\u201d, subraya.&nbsp;<\/p>\n\n\n\n<p>Destaca que estuvo con \u00e9l cu\u00e1ndo transform\u00f3 Boca del R\u00edo, con los gobernadores de entonces en contra, y no se dobl\u00f3 ni se dej\u00f3 vencer, le cumpli\u00f3 a la gente, por eso lo quieren tanto, y dice que esta vez no ser\u00e1 la excepci\u00f3n.<\/p>\n\n\n\n<p>\u201cPor eso, he aceptado suplirlo, temporalmente, en su candidatura, pero que no quepa duda, en unos d\u00edas Miguel va a regresar&#8221;.<\/p>\n","protected":false},"excerpt":{"rendered":"<p>Alejandro \u00c1vila Veracruz, Ver.- A trav\u00e9s de redes sociales, Patricia Lobeira Rodr\u00edguez, asegur\u00f3 que s\u00ed solicit\u00f3 la inscripci\u00f3n de registro como candidata a la alcald\u00eda de Veracruz por el PAN, es por el amor a Miguel \u00c1ngel, a su ciudad y sus hijos. En ese sentido, dijo que no tiene la menor duda que su [&hellip;]<\/p>\n","protected":false},"author":1,"featured_media":14348,"comment_status":"open","ping_status":"open","sticky":false,"template":"","format":"standard","meta":{"_jetpack_memberships_contains_paid_content":false,"footnotes":""},"categories":[2],"tags":[],"class_list":["post-14347","post","type-post","status-publish","format-standard","has-post-thumbnail","hentry","category-estado"],"jetpack_featured_media_url":"https:\/\/encuentroinformativo.com.mx\/wp-content\/uploads\/2021\/05\/05F6A4F0-18A8-4BC6-9324-6DA1D3483EB7.jpeg","jetpack_sharing_enabled":true,"jetpack_likes_enabled":true,"amp_enabled":true,"_links":{"self":[{"href":"https:\/\/encuentroinformativo.com.mx\/index.php?rest_route=\/wp\/v2\/posts\/14347","targetHints":{"allow":["GET"]}}],"collection":[{"href":"https:\/\/encuentroinformativo.com.mx\/index.php?rest_route=\/wp\/v2\/posts"}],"about":[{"href":"https:\/\/encuentroinformativo.com.mx\/index.php?rest_route=\/wp\/v2\/types\/post"}],"author":[{"embeddable":true,"href":"https:\/\/encuentroinformativo.com.mx\/index.php?rest_route=\/wp\/v2\/users\/1"}],"replies":[{"embeddable":true,"href":"https:\/\/encuentroinformativo.com.mx\/index.php?rest_route=%2Fwp%2Fv2%2Fcomments&post=14347"}],"version-history":[{"count":1,"href":"https:\/\/encuentroinformativo.com.mx\/index.php?rest_route=\/wp\/v2\/posts\/14347\/revisions"}],"predecessor-version":[{"id":14349,"href":"https:\/\/encuentroinformativo.com.mx\/index.php?rest_route=\/wp\/v2\/posts\/14347\/revisions\/14349"}],"wp:featuredmedia":[{"embeddable":true,"href":"https:\/\/encuentroinformativo.com.mx\/index.php?rest_route=\/wp\/v2\/media\/14348"}],"wp:attachment":[{"href":"https:\/\/encuentroinformativo.com.mx\/index.php?rest_route=%2Fwp%2Fv2%2Fmedia&parent=14347"}],"wp:term":[{"taxonomy":"category","embeddable":true,"href":"https:\/\/encuentroinformativo.com.mx\/index.php?rest_route=%2Fwp%2Fv2%2Fcategories&post=14347"},{"taxonomy":"post_tag","embeddable":true,"href":"https:\/\/encuentroinformativo.com.mx\/index.php?rest_route=%2Fwp%2Fv2%2Ftags&post=14347"}],"curies":[{"name":"wp","href":"https:\/\/api.w.org\/{rel}","templated":true}]}}