{"id":14352,"date":"2021-05-21T10:03:06","date_gmt":"2021-05-21T15:03:06","guid":{"rendered":"https:\/\/encuentroinformativo.com.mx\/?p=14352"},"modified":"2021-05-21T10:03:10","modified_gmt":"2021-05-21T15:03:10","slug":"hugo-gutierrez-no-protege-al-gobernador","status":"publish","type":"post","link":"https:\/\/encuentroinformativo.com.mx\/?p=14352","title":{"rendered":"HUGO GUTI\u00c9RREZ NO PROTEGE AL GOBERNADOR"},"content":{"rendered":"\n<p><strong>@pablojair<\/strong><\/p>\n\n\n\n<ul class=\"wp-block-list\"><li>Ya se supo cu\u00e1l es el fondo del conflicto entre padre e hijo<\/li><li>Se nos adelant\u00f3 el buen Colacho. Descanse en paz.<\/li><li>&#8220;En unos d\u00edas Miguel va a regresar&#8221;\u2026 pero a Francia.<\/li><\/ul>\n\n\n\n<p>\u00a1Holiiiiii, nacos ignorantes, soy la moment\u00e1nea!<br>&#8211;Chopenjawer no binario<\/p>\n\n\n\n<p>Una regla de oro de los altos mandos de la Polic\u00eda Estatal (especialmente los de la vieja escuela) es ser prudentes y considerar que sus acciones podr\u00edan no afectarlos a ellos, sino al gobierno que representan.<\/p>\n\n\n\n<p>En otras ocasiones hemos escrito de una an\u00e9cdota que alguna vez nos cont\u00f3 el desaparecido jefe policiaco Alfonso Lara Montero (fallecido en febrero de 2018) uno de los fundadores de la actual Secretar\u00eda de Seguridad P\u00fablica desde sus inicios como Direcci\u00f3n General a cargo de la Secretar\u00eda de Gobierno.<\/p>\n\n\n\n<p>En una esas tantas veces, habitantes de Tatahuicapan (al sur del estado) hab\u00edan tomado el Palacio Municipal, por lo que se program\u00f3 un desalojo; a los elementos estatales les retiraron el armamento y les dieron solo toletes y escudos para despejar a los manifestantes.<\/p>\n\n\n\n<p>Casi al momento de comenzar dicho operativo, el jefe Lara Montero dio la orden a los polic\u00edas para que se replegaran y cancelaran el desalojo\u2026 \u00bfEl motivo? Se dio cuenta que mujeres, ni\u00f1os y ancianos eran el primer frente de defensa de los cobardes que alborotaban al pueblo.<\/p>\n\n\n\n<p>Cuando el entonces gobernador Agust\u00edn Acosta Lagunes llam\u00f3 a Lara Montero para preguntarle porque hab\u00eda desatendido una orden directa, el jefe policiaco le respondi\u00f3: &#8220;Mire, se\u00f1or, con todo respeto, no nos hagamos pendejos; conozco a mis elementos y si uno de ellos pierde el control, iba a resultar herido un ni\u00f1o o un abuelito, y el costo pol\u00edtico lo iba a tener que asumir usted&#8221;.<\/p>\n\n\n\n<p>Acosta Lagunes volte\u00f3 a sus asesores y les dijo: &#8220;\u00bfYa ven, pendejos? \u00a1Este s\u00ed protege a su gobernador!&#8221;<\/p>\n\n\n\n<p>Lo ocurrido el lunes por la noche en la Secretar\u00eda de Educaci\u00f3n de Veracruz (SEV) aplica para lo anterior: lo que era una protesta pac\u00edfica de un conflicto en el que nada tiene qu\u00e9 ver la SEV ni el gobierno estatal, escal\u00f3 a nivel de represi\u00f3n por la mal\u00edsima decisi\u00f3n del secretario de Seguridad P\u00fablica, el regiomontano Hugo Guti\u00e9rrez Mal-donado-al-gobierno-de-Cuitl\u00e1huac, de desalojar con violencia a los maestros que protestaban en dicha dependencia.<\/p>\n\n\n\n<p>De entrada, el conflicto es meramente gremial e interno: dos grupos se disputan el poder del Sindicato Democr\u00e1tico de Trabajadores de la Educaci\u00f3n de Veracruz (SDTEV); uno de ellos, liderado por Jos\u00e9 Arturo Hern\u00e1ndez Ram\u00edrez, se ostenta como el que tiene el control del sindicato y este lunes acudieron a la SEV para exigir que les desbloqueen las cuotas que est\u00e1n retenidas que son algo as\u00ed como 116 millones de pesos.<\/p>\n\n\n\n<p>\u00bfY por qu\u00e9 est\u00e1n retenidas? Porque existe un juicio en tribunales federales donde esperan la resoluci\u00f3n para saber a qui\u00e9n se le deben otorgar dichos recursos, ya que la elecci\u00f3n donde supuestamente gan\u00f3 la planilla de Hern\u00e1ndez Ram\u00edrez fue impugnada por el grupo contrario, encabezado por Oswaldo Daniel Ahumada.<\/p>\n\n\n\n<p>Lo que motiv\u00f3 la represi\u00f3n fue que Jos\u00e9 Arturo Hern\u00e1ndez Ram\u00edrez y sus huestes decidieron cerrar las instalaciones para no dejar salir a los empleados y aparte tomar la carretera Xalapa-Veracruz, ah\u00ed mismo frente a las oficinas centrales de la dependencia.<\/p>\n\n\n\n<p>Cerca de las 8 de la noche, polic\u00edas estatales de Seguridad P\u00fablica llegaron al desalojo de la carretera, pero en lugar de despejar la zona (hay operativos &#8220;limpios&#8221; donde basta la formaci\u00f3n cerrada y escudos para desplazar a manifestantes a puntos seguros, sin golpear ni detener a nadie) utilizaron la violencia para detener a los maestros.<\/p>\n\n\n\n<p>Lo anterior, como se coment\u00f3 p\u00e1rrafos arriba, fue una muy mala decisi\u00f3n de Hugo Guti\u00e9rrez (apodado tambi\u00e9n &#8220;Licha Villareal&#8221; entre la tropa) y sus asesores, pues no midieron que una protesta que no ten\u00eda mayor trascendencia, la hicieron crecer por la manera violenta en que desbloquearon la carretera y todav\u00eda detuvieron a los manifestantes.<\/p>\n\n\n\n<p>Tuvo que intervenir el propio titular de la SEV, Zenyazen Escobar, quien junto con maestros del SDTEV, gestionaron la liberaci\u00f3n de los docentes detenidos en el cuartel San Jos\u00e9 alrededor de las dos de la ma\u00f1ana del martes.<\/p>\n\n\n\n<p>El que no dio la cara ni tampoco admiti\u00f3 el grave error en el pico de la crisis fue el secretario de Seguridad, quien seguramente por no tener arraigo en Veracruz ni conocer la situaci\u00f3n magisterial, se le hizo muy f\u00e1cil golpear y arremeter, sin antes investigar o tomar en cuenta que tanto el gobernador o el secretario tambi\u00e9n fueron maestros y estuvieron en protestas.<\/p>\n\n\n\n<p>Lo que tampoco midi\u00f3 &#8220;Licha Villareal&#8221; es que sus acciones no perjudicaron al secretario de Educaci\u00f3n (como ha pretendido desde meses, pues al parecer tiene algo contra el titular de la SEV), sino que pegan directamente al gobernador y a la administraci\u00f3n estatal\u2026 en plena temporada electoral.<\/p>\n\n\n\n<p>\u00bfO ser\u00e1 que Hugo le juega la contraria al Gobierno de Veracruz? Miren que por ah\u00ed se sabe que trae a muchos cuates del norte para darles trabajo, aparte del mont\u00f3n de cargos de delegados y subdelegados que se crean al vapor en la entidad.<\/p>\n\n\n\n<p>De por s\u00ed hay zonas, como el norte del estado, donde de plano no se ve la presencia de SSP, pero con este tipo de operativos en Xalapa, vaya que se luce el secretario como si fuese vocalista de L\u00edmite.<\/p>\n\n\n\n<p><strong>NOTA PARA PEGAR EN EL REFRI:<\/strong> Que ya se supo cu\u00e1l es el fondo del conflicto entre padre e hijo. Todo se debe a una indiscreci\u00f3n del ingrato v\u00e1stago por andarle contando a su se\u00f1ora madre sobre las aventuras del padre\u2026 No es que sea un caso in\u00e9dito; alguna vez un amigo tuvo la confesi\u00f3n de su pap\u00e1 sobre que ten\u00eda otra mujer e hijos: &#8220;ahorita te vas a encabronar, te va a hervir la sangre, pero cuando crezcas, seas adulto y tengas a tu familia, me comprender\u00e1s&#8221;\u2026 Al parecer, el padre ofendido, decepcionado por las acciones del mayorcito de la prole, se la cobr\u00f3 y bonito: le retir\u00f3 todo el apoyo en la campa\u00f1a que va perdiendo; por lealtad, sus colaboradores hicieron lo mismo y por eso dejaron solo al &#8220;Chiquito&#8221;\u2026<\/p>\n\n\n\n<p><strong>NOTA MUY TRISTE<\/strong>: Bonach\u00f3n, dicharachero, lo conoc\u00ed en una comida que ofreci\u00f3 a su amigo C\u00e9sar V\u00e1zquez Chagoya cuando ten\u00edan 10 a\u00f1os de no verse: &#8220;Lo tengo prohibido. Nom\u00e1s por esta ocasi\u00f3n me voy echar una copita contigo porque estoy muy contento de verte&#8221; le dec\u00eda el empresario al pol\u00edtico\/periodista; fue ah\u00ed en su palapa en Minatitl\u00e1n, a un costado de la UV\u2026 A &#8220;Colacho&#8221; todo mundo lo conoc\u00eda porque era flota, pero tambi\u00e9n porque se hizo leyenda en el mundo de las trompadas: no hab\u00eda qui\u00e9n no supiera de la facilidad que ten\u00eda &#8220;Colacho&#8221; de agarrarse con varios y partirles la madre. Mi abuelo Don Amado lo apodaba &#8220;El Rambo&#8221;, por aquello de que era bueno pa&#8217; los madrazos\u2026 En Xalapa, en su \u00e9poca estudiantil, hizo muchos amigos que lo recuerdan con respeto y cari\u00f1o porque saben el vato jalaba y era chido, solidario como pocos, quien a la vez sab\u00eda lo que era ganarse un peso en las calles vendiendo ch\u00e1charas\u2026 A &#8220;Colacho&#8221; nadie le pod\u00eda reclamar diciendo que su fortuna no le cost\u00f3, porque muchos fueron testigos de que se parti\u00f3 el lomo e hizo su nombre forj\u00e1ndose con las durezas de la vida\u2026 Muy cari\u00f1oso con su familia, un hombre dedicado a sus negocios como l\u00edder transportista, pero tambi\u00e9n al amor a su compa\u00f1era de vida, Do\u00f1a Marina, as\u00ed como a sus hijos Roc\u00edo, Nico, \u00c9dgar y Dulce; y a sus nietos, que quer\u00eda mucho\u2026 Intent\u00f3 ser alcalde por el PT, pero no logr\u00f3 la posici\u00f3n; ah\u00ed le conoc\u00ed su lado m\u00e1s humano, el del esfuerzo, el de nunca rendirse y siempre mantener la sonrisa; el juguet\u00f3n con su guacamaya y otros animalitos que ah\u00ed guardaba en su mini zool\u00f3gico\u2026 Sin duda, un tipazo que lamentablemente se nos adelant\u00f3 en el viaje\u2026 Descanse en paz, Don Alberto Ruiz Rossett.<\/p>\n\n\n\n<p><strong>LA \u00daLTIMA PORQUE YA ES VIEEEERNEEEEES: <\/strong>Por primera vez (gracias a los berrinches de Miguel Chiquito) no hubo candidato del PAN en el tradicional debate de XEU\u2026 Como va en alianza, tampoco hubo del PRI ni del PRD\u2026 Para suplir lo anterior, mandaron a gente pagada con 300 varos de la colonia Carranza de Boca del R\u00edo a hacer una muy extra\u00f1a campa\u00f1a a lo &#8220;V de Vendetta&#8221; o &#8220;\u00bfQuieres ser John Malkovich?&#8221;\u2026 Lo bueno que su do\u00f1ita dice que Miguel va a regresar\u2026 \u00a1Pero a Francia!\u2026<\/p>\n","protected":false},"excerpt":{"rendered":"<p>@pablojair Ya se supo cu\u00e1l es el fondo del conflicto entre padre e hijo Se nos adelant\u00f3 el buen Colacho. Descanse en paz. &#8220;En unos d\u00edas Miguel va a regresar&#8221;\u2026 pero a Francia. \u00a1Holiiiiii, nacos ignorantes, soy la moment\u00e1nea!&#8211;Chopenjawer no binario Una regla de oro de los altos mandos de la Polic\u00eda Estatal (especialmente los [&hellip;]<\/p>\n","protected":false},"author":1,"featured_media":488,"comment_status":"open","ping_status":"open","sticky":false,"template":"","format":"standard","meta":{"_jetpack_memberships_contains_paid_content":false,"footnotes":""},"categories":[11],"tags":[],"class_list":["post-14352","post","type-post","status-publish","format-standard","has-post-thumbnail","hentry","category-opinion"],"jetpack_featured_media_url":"https:\/\/encuentroinformativo.com.mx\/wp-content\/uploads\/2020\/03\/F471F608-BA1A-416B-BA7B-BCFB24F4E6D0.jpeg","jetpack_sharing_enabled":true,"jetpack_likes_enabled":true,"amp_enabled":true,"_links":{"self":[{"href":"https:\/\/encuentroinformativo.com.mx\/index.php?rest_route=\/wp\/v2\/posts\/14352","targetHints":{"allow":["GET"]}}],"collection":[{"href":"https:\/\/encuentroinformativo.com.mx\/index.php?rest_route=\/wp\/v2\/posts"}],"about":[{"href":"https:\/\/encuentroinformativo.com.mx\/index.php?rest_route=\/wp\/v2\/types\/post"}],"author":[{"embeddable":true,"href":"https:\/\/encuentroinformativo.com.mx\/index.php?rest_route=\/wp\/v2\/users\/1"}],"replies":[{"embeddable":true,"href":"https:\/\/encuentroinformativo.com.mx\/index.php?rest_route=%2Fwp%2Fv2%2Fcomments&post=14352"}],"version-history":[{"count":1,"href":"https:\/\/encuentroinformativo.com.mx\/index.php?rest_route=\/wp\/v2\/posts\/14352\/revisions"}],"predecessor-version":[{"id":14353,"href":"https:\/\/encuentroinformativo.com.mx\/index.php?rest_route=\/wp\/v2\/posts\/14352\/revisions\/14353"}],"wp:featuredmedia":[{"embeddable":true,"href":"https:\/\/encuentroinformativo.com.mx\/index.php?rest_route=\/wp\/v2\/media\/488"}],"wp:attachment":[{"href":"https:\/\/encuentroinformativo.com.mx\/index.php?rest_route=%2Fwp%2Fv2%2Fmedia&parent=14352"}],"wp:term":[{"taxonomy":"category","embeddable":true,"href":"https:\/\/encuentroinformativo.com.mx\/index.php?rest_route=%2Fwp%2Fv2%2Fcategories&post=14352"},{"taxonomy":"post_tag","embeddable":true,"href":"https:\/\/encuentroinformativo.com.mx\/index.php?rest_route=%2Fwp%2Fv2%2Ftags&post=14352"}],"curies":[{"name":"wp","href":"https:\/\/api.w.org\/{rel}","templated":true}]}}