{"id":1436,"date":"2020-03-30T21:40:57","date_gmt":"2020-03-31T03:40:57","guid":{"rendered":"https:\/\/encuentroinformativo.com\/?p=1436"},"modified":"2020-03-30T21:40:59","modified_gmt":"2020-03-31T03:40:59","slug":"perdio-la-batalla-maria-elena-ferral","status":"publish","type":"post","link":"https:\/\/encuentroinformativo.com.mx\/?p=1436","title":{"rendered":"Perdi\u00f3 la batalla Mar\u00eda Elena Ferral"},"content":{"rendered":"\n<p><strong>Redacci\u00f3n <\/strong><\/p>\n\n\n\n<p>Xalapa, Ver.- La noche de este lunes, cerca de las\n21 horas se confirm\u00f3 el deceso de la periodista Mar\u00eda Elena Ferral tras el\natentado que sufri\u00f3 en la zona centro de Papantla. <\/p>\n\n\n\n<p>Tras darse a conocer los hechos que pon\u00edan en\nriesgo su vida, la reportera fue atendida en el hospital de Papantla y de forma\nposterior hab\u00eda sido trasladada al hospital regional de Poza Rica con la\nfinalidad de recibir una mejor atenci\u00f3n m\u00e9dica.<\/p>\n\n\n\n<p>Sin embargo, de acuerdo a las primeras noticias la\nreportera perdi\u00f3 la vida a los pocos minutos de haber ingresado al nosocomio\ndebido a las severas heridas que hab\u00eda recibido. <\/p>\n\n\n\n<p>Mar\u00eda Elena Ferral fue una reportera con una amplia\ntrayectoria y reconocimiento en la zona del Totonacapan. <\/p>\n\n\n\n<p>Descanse en Paz. <\/p>\n","protected":false},"excerpt":{"rendered":"<p>Redacci\u00f3n Xalapa, Ver.- La noche de este lunes, cerca de las 21 horas se confirm\u00f3 el deceso de la periodista Mar\u00eda Elena Ferral tras el atentado que sufri\u00f3 en la zona centro de Papantla. Tras darse a conocer los hechos que pon\u00edan en riesgo su vida, la reportera fue atendida en el hospital de Papantla [&hellip;]<\/p>\n","protected":false},"author":1,"featured_media":1437,"comment_status":"open","ping_status":"open","sticky":false,"template":"","format":"standard","meta":{"_jetpack_memberships_contains_paid_content":false,"footnotes":""},"categories":[2],"tags":[],"class_list":["post-1436","post","type-post","status-publish","format-standard","has-post-thumbnail","hentry","category-estado"],"jetpack_featured_media_url":"https:\/\/encuentroinformativo.com.mx\/wp-content\/uploads\/2020\/03\/Ferral.jpg","jetpack_sharing_enabled":true,"jetpack_likes_enabled":true,"amp_enabled":true,"_links":{"self":[{"href":"https:\/\/encuentroinformativo.com.mx\/index.php?rest_route=\/wp\/v2\/posts\/1436","targetHints":{"allow":["GET"]}}],"collection":[{"href":"https:\/\/encuentroinformativo.com.mx\/index.php?rest_route=\/wp\/v2\/posts"}],"about":[{"href":"https:\/\/encuentroinformativo.com.mx\/index.php?rest_route=\/wp\/v2\/types\/post"}],"author":[{"embeddable":true,"href":"https:\/\/encuentroinformativo.com.mx\/index.php?rest_route=\/wp\/v2\/users\/1"}],"replies":[{"embeddable":true,"href":"https:\/\/encuentroinformativo.com.mx\/index.php?rest_route=%2Fwp%2Fv2%2Fcomments&post=1436"}],"version-history":[{"count":1,"href":"https:\/\/encuentroinformativo.com.mx\/index.php?rest_route=\/wp\/v2\/posts\/1436\/revisions"}],"predecessor-version":[{"id":1438,"href":"https:\/\/encuentroinformativo.com.mx\/index.php?rest_route=\/wp\/v2\/posts\/1436\/revisions\/1438"}],"wp:featuredmedia":[{"embeddable":true,"href":"https:\/\/encuentroinformativo.com.mx\/index.php?rest_route=\/wp\/v2\/media\/1437"}],"wp:attachment":[{"href":"https:\/\/encuentroinformativo.com.mx\/index.php?rest_route=%2Fwp%2Fv2%2Fmedia&parent=1436"}],"wp:term":[{"taxonomy":"category","embeddable":true,"href":"https:\/\/encuentroinformativo.com.mx\/index.php?rest_route=%2Fwp%2Fv2%2Fcategories&post=1436"},{"taxonomy":"post_tag","embeddable":true,"href":"https:\/\/encuentroinformativo.com.mx\/index.php?rest_route=%2Fwp%2Fv2%2Ftags&post=1436"}],"curies":[{"name":"wp","href":"https:\/\/api.w.org\/{rel}","templated":true}]}}