{"id":14361,"date":"2021-05-21T13:52:08","date_gmt":"2021-05-21T18:52:08","guid":{"rendered":"https:\/\/encuentroinformativo.com.mx\/?p=14361"},"modified":"2021-05-21T13:52:13","modified_gmt":"2021-05-21T18:52:13","slug":"clases-presenciales-para-el-proximo-ciclo-piden-padres-y-maestros","status":"publish","type":"post","link":"https:\/\/encuentroinformativo.com.mx\/?p=14361","title":{"rendered":"Clases presenciales para el pr\u00f3ximo ciclo, piden padres y maestros"},"content":{"rendered":"\n<p><strong>Juan Arcos <\/strong><\/p>\n\n\n\n<p>Xalapa, Ver.- Madres y padres de familia, as\u00ed como acad\u00e9micos de escuelas primarias y secundarias de Xalapa acordaron que el regreso a clases presenciales sea el pr\u00f3ximo ciclo escolar.<\/p>\n\n\n\n<p>Se trata de la escuela primaria \u201cManuel de Boza\u201d, ubicada sobre la calle Xalape\u00f1os Ilustres del centro de la ciudad, y de la secundaria t\u00e9cnica industrial n\u00famero 3, localizada sobre la avenida Manuel \u00c1vila Camacho.<\/p>\n\n\n\n<p>En el caso de la primaria, las mam\u00e1s y pap\u00e1s se reunieron, de manera virtual, con docentes y autoridades acad\u00e9micas.<\/p>\n\n\n\n<p>De acuerdo con Jessica Garc\u00eda, madre de un alumno de cuarto grado, se tom\u00f3 dicha decisi\u00f3n, debido a que el municipio de Xalapa se encuentra en sem\u00e1foro amarillo, de riesgo medio de contagio por SARS-COV-2 (COVID-19).<\/p>\n\n\n\n<p>\u201cDijo la maestra que no se pod\u00eda regresar porque necesitamos estar en sem\u00e1foro verde cuatro semanas, para poder regresar a las aulas\u201d.<\/p>\n\n\n\n<p>La entrevistada indic\u00f3 que el caso fue sometido a votaci\u00f3n entre las mam\u00e1s y pap\u00e1s de los estudiantes, para evitar que haya un rebrote al interior del plantel.<\/p>\n\n\n\n<p>Por tal motivo, ser\u00e1 hasta agosto el regreso a clases presenciales en algunas escuelas del nivel b\u00e1sico de esta capital veracruzana.<\/p>\n\n\n\n<p>En el caso de la escuela secundaria, la Direcci\u00f3n emiti\u00f3 una circular donde informa que el ciclo escolar 2020-2021 concluir\u00e1 de manera virtual.<\/p>\n","protected":false},"excerpt":{"rendered":"<p>Juan Arcos Xalapa, Ver.- Madres y padres de familia, as\u00ed como acad\u00e9micos de escuelas primarias y secundarias de Xalapa acordaron que el regreso a clases presenciales sea el pr\u00f3ximo ciclo escolar. Se trata de la escuela primaria \u201cManuel de Boza\u201d, ubicada sobre la calle Xalape\u00f1os Ilustres del centro de la ciudad, y de la secundaria [&hellip;]<\/p>\n","protected":false},"author":1,"featured_media":14362,"comment_status":"open","ping_status":"open","sticky":false,"template":"","format":"standard","meta":{"_jetpack_memberships_contains_paid_content":false,"footnotes":""},"categories":[3],"tags":[],"class_list":["post-14361","post","type-post","status-publish","format-standard","has-post-thumbnail","hentry","category-xalapa"],"jetpack_featured_media_url":"https:\/\/encuentroinformativo.com.mx\/wp-content\/uploads\/2021\/05\/DB962A3A-7750-459A-BCD7-C50C2088AAE7.jpeg","jetpack_sharing_enabled":true,"jetpack_likes_enabled":true,"amp_enabled":true,"_links":{"self":[{"href":"https:\/\/encuentroinformativo.com.mx\/index.php?rest_route=\/wp\/v2\/posts\/14361","targetHints":{"allow":["GET"]}}],"collection":[{"href":"https:\/\/encuentroinformativo.com.mx\/index.php?rest_route=\/wp\/v2\/posts"}],"about":[{"href":"https:\/\/encuentroinformativo.com.mx\/index.php?rest_route=\/wp\/v2\/types\/post"}],"author":[{"embeddable":true,"href":"https:\/\/encuentroinformativo.com.mx\/index.php?rest_route=\/wp\/v2\/users\/1"}],"replies":[{"embeddable":true,"href":"https:\/\/encuentroinformativo.com.mx\/index.php?rest_route=%2Fwp%2Fv2%2Fcomments&post=14361"}],"version-history":[{"count":1,"href":"https:\/\/encuentroinformativo.com.mx\/index.php?rest_route=\/wp\/v2\/posts\/14361\/revisions"}],"predecessor-version":[{"id":14363,"href":"https:\/\/encuentroinformativo.com.mx\/index.php?rest_route=\/wp\/v2\/posts\/14361\/revisions\/14363"}],"wp:featuredmedia":[{"embeddable":true,"href":"https:\/\/encuentroinformativo.com.mx\/index.php?rest_route=\/wp\/v2\/media\/14362"}],"wp:attachment":[{"href":"https:\/\/encuentroinformativo.com.mx\/index.php?rest_route=%2Fwp%2Fv2%2Fmedia&parent=14361"}],"wp:term":[{"taxonomy":"category","embeddable":true,"href":"https:\/\/encuentroinformativo.com.mx\/index.php?rest_route=%2Fwp%2Fv2%2Fcategories&post=14361"},{"taxonomy":"post_tag","embeddable":true,"href":"https:\/\/encuentroinformativo.com.mx\/index.php?rest_route=%2Fwp%2Fv2%2Ftags&post=14361"}],"curies":[{"name":"wp","href":"https:\/\/api.w.org\/{rel}","templated":true}]}}