{"id":14367,"date":"2021-05-21T15:28:50","date_gmt":"2021-05-21T20:28:50","guid":{"rendered":"https:\/\/encuentroinformativo.com.mx\/?p=14367"},"modified":"2021-05-21T15:28:54","modified_gmt":"2021-05-21T20:28:54","slug":"tev-decidio-sin-presiones-afirma-magistrada-claudia-diaz","status":"publish","type":"post","link":"https:\/\/encuentroinformativo.com.mx\/?p=14367","title":{"rendered":"TEV decidi\u00f3 sin presiones, afirma magistrada Claudia D\u00edaz"},"content":{"rendered":"\n<p><strong>Juan Arcos<\/strong><\/p>\n\n\n\n<p>Xalapa, Ver.- Los magistrados del Tribunal Electoral del Estado de Veracruz (TEV) no fueron presionados para tomar la decisi\u00f3n de desechar la candidatura de Miguel \u00c1ngel Yunes M\u00e1rquez a la presidencia municipal del puerto de Veracruz por la alianza \u201cVeracruz Va\u201d, conformada por los partidos Revolucionario Institucional (PRI), Acci\u00f3n Nacional (PAN) y de la Revoluci\u00f3n Democr\u00e1tica (PRD).<\/p>\n\n\n\n<p>As\u00ed lo asegur\u00f3 la magistrada presidenta del TEV, Claudia D\u00edaz Tablada, quien a\u00f1adi\u00f3 que la situaci\u00f3n se resolvi\u00f3 con base en las constancias que integran el expediente del caso.<\/p>\n\n\n\n<p>\u201cA partir de ah\u00ed, se tom\u00f3 la determinaci\u00f3n de acuerdo con la legalidad y a la interpretaci\u00f3n que dimos. Tambi\u00e9n es cierto que nosotros no somos una instancia terminal, est\u00e1 la instancia federal\u201d, record\u00f3.<\/p>\n\n\n\n<p>En ese sentido, enfatiz\u00f3 que si el aspirante considera que fueron vulnerados sus derechos, podr\u00eda recurrir a las instancias federales.<\/p>\n\n\n\n<p>Insisti\u00f3 en que el TEV es una instancia aut\u00f3noma que no recibe instrucciones de ning\u00fan poder de gobierno y que resuelve con toda libertad.<\/p>\n\n\n\n<p>\u201cFue una decisi\u00f3n colegiada, inclusive, los tres magistrados coincidimos con el criterio y no tenemos ninguna presi\u00f3n, de ning\u00fan tipo en estos casos. Nosotros seguiremos trabajando atendiendo la legalidad y sobre todo resolver todos estos casos que nos est\u00e1n llegando\u201d.\u00a0<br>D\u00edaz Tablada refiri\u00f3 que la Sala Regional del Tribunal Electoral del Poder Judicial de la Federaci\u00f3n tiene que resolver el caso lo antes posible, para que, en caso de emitir un fallo opuesto, Yunes M\u00e1rquez pueda retomar su campa\u00f1a electoral.<\/p>\n\n\n\n<p>\u201cNo hay plazo, la instancia federal tendr\u00eda que resolver lo antes posible, en caso de que le dieran la raz\u00f3n, para poder seguir con la campa\u00f1a, pero en el caso nosotros resolvimos, de acuerdo a las constancias, que no cumpl\u00eda con un requisito. Tienen que sacarlo muy r\u00e1pido (Sala Regional), seguramente en unos d\u00edas emitir\u00e1n una determinaci\u00f3n al respecto\u201d.<\/p>\n\n\n\n<p>Cabe recordar que el pasado martes 18 de mayo el Tribunal Electoral de Veracruz ech\u00f3 abajo la candidatura de Yunes M\u00e1rquez por considerar que no reun\u00eda el requisito de domicilio efectivo en el puerto de Veracruz.<\/p>\n","protected":false},"excerpt":{"rendered":"<p>Juan Arcos Xalapa, Ver.- Los magistrados del Tribunal Electoral del Estado de Veracruz (TEV) no fueron presionados para tomar la decisi\u00f3n de desechar la candidatura de Miguel \u00c1ngel Yunes M\u00e1rquez a la presidencia municipal del puerto de Veracruz por la alianza \u201cVeracruz Va\u201d, conformada por los partidos Revolucionario Institucional (PRI), Acci\u00f3n Nacional (PAN) y de [&hellip;]<\/p>\n","protected":false},"author":1,"featured_media":4447,"comment_status":"open","ping_status":"open","sticky":false,"template":"","format":"standard","meta":{"_jetpack_memberships_contains_paid_content":false,"footnotes":""},"categories":[2],"tags":[],"class_list":["post-14367","post","type-post","status-publish","format-standard","has-post-thumbnail","hentry","category-estado"],"jetpack_featured_media_url":"https:\/\/encuentroinformativo.com.mx\/wp-content\/uploads\/2020\/07\/82699F92-642F-4734-B4D2-C46C8249AE12.jpeg","jetpack_sharing_enabled":true,"jetpack_likes_enabled":true,"amp_enabled":true,"_links":{"self":[{"href":"https:\/\/encuentroinformativo.com.mx\/index.php?rest_route=\/wp\/v2\/posts\/14367","targetHints":{"allow":["GET"]}}],"collection":[{"href":"https:\/\/encuentroinformativo.com.mx\/index.php?rest_route=\/wp\/v2\/posts"}],"about":[{"href":"https:\/\/encuentroinformativo.com.mx\/index.php?rest_route=\/wp\/v2\/types\/post"}],"author":[{"embeddable":true,"href":"https:\/\/encuentroinformativo.com.mx\/index.php?rest_route=\/wp\/v2\/users\/1"}],"replies":[{"embeddable":true,"href":"https:\/\/encuentroinformativo.com.mx\/index.php?rest_route=%2Fwp%2Fv2%2Fcomments&post=14367"}],"version-history":[{"count":1,"href":"https:\/\/encuentroinformativo.com.mx\/index.php?rest_route=\/wp\/v2\/posts\/14367\/revisions"}],"predecessor-version":[{"id":14368,"href":"https:\/\/encuentroinformativo.com.mx\/index.php?rest_route=\/wp\/v2\/posts\/14367\/revisions\/14368"}],"wp:featuredmedia":[{"embeddable":true,"href":"https:\/\/encuentroinformativo.com.mx\/index.php?rest_route=\/wp\/v2\/media\/4447"}],"wp:attachment":[{"href":"https:\/\/encuentroinformativo.com.mx\/index.php?rest_route=%2Fwp%2Fv2%2Fmedia&parent=14367"}],"wp:term":[{"taxonomy":"category","embeddable":true,"href":"https:\/\/encuentroinformativo.com.mx\/index.php?rest_route=%2Fwp%2Fv2%2Fcategories&post=14367"},{"taxonomy":"post_tag","embeddable":true,"href":"https:\/\/encuentroinformativo.com.mx\/index.php?rest_route=%2Fwp%2Fv2%2Ftags&post=14367"}],"curies":[{"name":"wp","href":"https:\/\/api.w.org\/{rel}","templated":true}]}}