{"id":14385,"date":"2021-05-22T14:50:58","date_gmt":"2021-05-22T19:50:58","guid":{"rendered":"https:\/\/encuentroinformativo.com.mx\/?p=14385"},"modified":"2021-05-22T14:51:03","modified_gmt":"2021-05-22T19:51:03","slug":"aspirantes-a-la-uv-optan-por-examen-no-presencial","status":"publish","type":"post","link":"https:\/\/encuentroinformativo.com.mx\/?p=14385","title":{"rendered":"Aspirantes a la UV optan por examen no presencial"},"content":{"rendered":"\n<p><strong>Dar\u00edo Pale<\/strong><\/p>\n\n\n\n<p>Xalapa, Ver.- El Director General de Administraci\u00f3n Escolar de la UV, H\u00e9ctor Coronel Brizio precis\u00f3 que este a\u00f1o fueron m\u00e1s los aspirantes a la UV que pidieron examen no presencial para ingresar a la Universidad Veracruzana.<\/p>\n\n\n\n<p>Entrevistado un una de las sedes dio a conocer que fueron 8 mil 465 estudiantes los que solicitaron resolverlo a distancia y 37 mil 723 de manera presencial, en alguna de las sedes de los campus en Xalapa y otros municipios.<\/p>\n\n\n\n<p>Dio a conocer que este fin de semana, los d\u00edas s\u00e1bado 22 y 23 de mayo y los pr\u00f3ximos 29 y 30 se aplicar\u00e1 de manera presenciales.<\/p>\n\n\n\n<p>&#8220;Dos fines de semana, casi 38 mil aspirantes presentar\u00e1n durante dos fines de semana, para respetar la sana distancia&#8221;, se\u00f1al\u00f3.<\/p>\n\n\n\n<p>Entre semana, del 24 al 27 de mayo, m\u00e1s de 8 mil j\u00f3venes lo presentar\u00e1n de manera virtual, lo que representa el 18 por ciento de los aspirantes.<\/p>\n\n\n\n<p>Este a\u00f1o se desarroll\u00f3 un sistema de identificaci\u00f3n a trav\u00e9s de c\u00f3digos QR que sustituy\u00f3 el uso de la mayor\u00eda de documentos en papel.<\/p>\n\n\n\n<p>&#8220;En algunas ocasiones hay mala informaci\u00f3n, de que pedimos la credencial de elector. Lo que se pide es una segunda identificaci\u00f3n&#8230;no hemos tenido problemas&#8221;, finaliz\u00f3.<\/p>\n","protected":false},"excerpt":{"rendered":"<p>Dar\u00edo Pale Xalapa, Ver.- El Director General de Administraci\u00f3n Escolar de la UV, H\u00e9ctor Coronel Brizio precis\u00f3 que este a\u00f1o fueron m\u00e1s los aspirantes a la UV que pidieron examen no presencial para ingresar a la Universidad Veracruzana. Entrevistado un una de las sedes dio a conocer que fueron 8 mil 465 estudiantes los que [&hellip;]<\/p>\n","protected":false},"author":1,"featured_media":14386,"comment_status":"open","ping_status":"open","sticky":false,"template":"","format":"standard","meta":{"_jetpack_memberships_contains_paid_content":false,"footnotes":""},"categories":[2],"tags":[],"class_list":["post-14385","post","type-post","status-publish","format-standard","has-post-thumbnail","hentry","category-estado"],"jetpack_featured_media_url":"https:\/\/encuentroinformativo.com.mx\/wp-content\/uploads\/2021\/05\/CA9AD428-D031-4415-A89F-6477CA6F8F0D.jpeg","jetpack_sharing_enabled":true,"jetpack_likes_enabled":true,"amp_enabled":true,"_links":{"self":[{"href":"https:\/\/encuentroinformativo.com.mx\/index.php?rest_route=\/wp\/v2\/posts\/14385","targetHints":{"allow":["GET"]}}],"collection":[{"href":"https:\/\/encuentroinformativo.com.mx\/index.php?rest_route=\/wp\/v2\/posts"}],"about":[{"href":"https:\/\/encuentroinformativo.com.mx\/index.php?rest_route=\/wp\/v2\/types\/post"}],"author":[{"embeddable":true,"href":"https:\/\/encuentroinformativo.com.mx\/index.php?rest_route=\/wp\/v2\/users\/1"}],"replies":[{"embeddable":true,"href":"https:\/\/encuentroinformativo.com.mx\/index.php?rest_route=%2Fwp%2Fv2%2Fcomments&post=14385"}],"version-history":[{"count":1,"href":"https:\/\/encuentroinformativo.com.mx\/index.php?rest_route=\/wp\/v2\/posts\/14385\/revisions"}],"predecessor-version":[{"id":14387,"href":"https:\/\/encuentroinformativo.com.mx\/index.php?rest_route=\/wp\/v2\/posts\/14385\/revisions\/14387"}],"wp:featuredmedia":[{"embeddable":true,"href":"https:\/\/encuentroinformativo.com.mx\/index.php?rest_route=\/wp\/v2\/media\/14386"}],"wp:attachment":[{"href":"https:\/\/encuentroinformativo.com.mx\/index.php?rest_route=%2Fwp%2Fv2%2Fmedia&parent=14385"}],"wp:term":[{"taxonomy":"category","embeddable":true,"href":"https:\/\/encuentroinformativo.com.mx\/index.php?rest_route=%2Fwp%2Fv2%2Fcategories&post=14385"},{"taxonomy":"post_tag","embeddable":true,"href":"https:\/\/encuentroinformativo.com.mx\/index.php?rest_route=%2Fwp%2Fv2%2Ftags&post=14385"}],"curies":[{"name":"wp","href":"https:\/\/api.w.org\/{rel}","templated":true}]}}