{"id":14392,"date":"2021-05-23T12:17:39","date_gmt":"2021-05-23T17:17:39","guid":{"rendered":"https:\/\/encuentroinformativo.com.mx\/?p=14392"},"modified":"2021-05-23T12:17:43","modified_gmt":"2021-05-23T17:17:43","slug":"crearia-juan-manuel-unanue-parque-nacional-arroyo-moreno","status":"publish","type":"post","link":"https:\/\/encuentroinformativo.com.mx\/?p=14392","title":{"rendered":"Crear\u00eda Juan Manuel Un\u00e1nue Parque Nacional Arroyo Moreno"},"content":{"rendered":"\n<p><strong>Alejandro \u00c1vila<\/strong><\/p>\n\n\n\n<p>Boca del R\u00edo, Ver.- La conservaci\u00f3n y protecci\u00f3n del Arroyo Moreno, uno de los espacios naturales m\u00e1s importantes del municipio de Boca del R\u00edo ser\u00e1 prioridad de Juan Manuel Un\u00e1nue Abascal, candidato del PAN la alcald\u00eda de Boca del R\u00edo.<\/p>\n\n\n\n<p>En ese sentido, expuso en video publicado en redes sociales, que uno de sus compromisos ser\u00e1 crear el Parque Nacional Arroyo Moreno en esta \u00c1rea Natural Protegida (ANP).<\/p>\n\n\n\n<p>El panista asegur\u00f3 que en este lugar, uno de los grandes atractivos del municipio, se implementar\u00e1 infraestructura verde compatible con este medio ambiente, estrategias de limpieza y saneamiento, as\u00ed como un plan de manejo ecol\u00f3gico con programas que permitan que todos los boque\u00f1os y turistas puedan disfrutar de este gran patrimonio natural.<\/p>\n\n\n\n<p>El Arroyo Moreno es un sitio donde la Procuradur\u00eda de Medio Ambiente hab\u00eda recibido varias quejas de su contaminaci\u00f3n, incluso, es un \u00c1rea Natural Protegida con una vasta zona de manglares que utilizan la cooperativa de lancheros como un atractivo turistico del municipio.<\/p>\n","protected":false},"excerpt":{"rendered":"<p>Alejandro \u00c1vila Boca del R\u00edo, Ver.- La conservaci\u00f3n y protecci\u00f3n del Arroyo Moreno, uno de los espacios naturales m\u00e1s importantes del municipio de Boca del R\u00edo ser\u00e1 prioridad de Juan Manuel Un\u00e1nue Abascal, candidato del PAN la alcald\u00eda de Boca del R\u00edo. En ese sentido, expuso en video publicado en redes sociales, que uno de [&hellip;]<\/p>\n","protected":false},"author":1,"featured_media":14393,"comment_status":"open","ping_status":"open","sticky":false,"template":"","format":"standard","meta":{"_jetpack_memberships_contains_paid_content":false,"footnotes":""},"categories":[2],"tags":[],"class_list":["post-14392","post","type-post","status-publish","format-standard","has-post-thumbnail","hentry","category-estado"],"jetpack_featured_media_url":"https:\/\/encuentroinformativo.com.mx\/wp-content\/uploads\/2021\/05\/A981A0A3-9A8C-4DFC-8A01-6E89F278BB38.jpeg","jetpack_sharing_enabled":true,"jetpack_likes_enabled":true,"amp_enabled":true,"_links":{"self":[{"href":"https:\/\/encuentroinformativo.com.mx\/index.php?rest_route=\/wp\/v2\/posts\/14392","targetHints":{"allow":["GET"]}}],"collection":[{"href":"https:\/\/encuentroinformativo.com.mx\/index.php?rest_route=\/wp\/v2\/posts"}],"about":[{"href":"https:\/\/encuentroinformativo.com.mx\/index.php?rest_route=\/wp\/v2\/types\/post"}],"author":[{"embeddable":true,"href":"https:\/\/encuentroinformativo.com.mx\/index.php?rest_route=\/wp\/v2\/users\/1"}],"replies":[{"embeddable":true,"href":"https:\/\/encuentroinformativo.com.mx\/index.php?rest_route=%2Fwp%2Fv2%2Fcomments&post=14392"}],"version-history":[{"count":1,"href":"https:\/\/encuentroinformativo.com.mx\/index.php?rest_route=\/wp\/v2\/posts\/14392\/revisions"}],"predecessor-version":[{"id":14394,"href":"https:\/\/encuentroinformativo.com.mx\/index.php?rest_route=\/wp\/v2\/posts\/14392\/revisions\/14394"}],"wp:featuredmedia":[{"embeddable":true,"href":"https:\/\/encuentroinformativo.com.mx\/index.php?rest_route=\/wp\/v2\/media\/14393"}],"wp:attachment":[{"href":"https:\/\/encuentroinformativo.com.mx\/index.php?rest_route=%2Fwp%2Fv2%2Fmedia&parent=14392"}],"wp:term":[{"taxonomy":"category","embeddable":true,"href":"https:\/\/encuentroinformativo.com.mx\/index.php?rest_route=%2Fwp%2Fv2%2Fcategories&post=14392"},{"taxonomy":"post_tag","embeddable":true,"href":"https:\/\/encuentroinformativo.com.mx\/index.php?rest_route=%2Fwp%2Fv2%2Ftags&post=14392"}],"curies":[{"name":"wp","href":"https:\/\/api.w.org\/{rel}","templated":true}]}}