{"id":14398,"date":"2021-05-23T14:19:39","date_gmt":"2021-05-23T19:19:39","guid":{"rendered":"https:\/\/encuentroinformativo.com.mx\/?p=14398"},"modified":"2021-05-23T14:19:43","modified_gmt":"2021-05-23T19:19:43","slug":"bloquean-centro-por-marcha-todos-somos-miguel","status":"publish","type":"post","link":"https:\/\/encuentroinformativo.com.mx\/?p=14398","title":{"rendered":"Bloquean Centro por marcha Todos Somos Miguel"},"content":{"rendered":"\n<p><strong>Alejandro \u00c1vila<\/strong><\/p>\n\n\n\n<p>Veracruz, Ver.- &#8220;No nos van a detener, no nos van a doblegar&#8221;, manifest\u00f3 Miguel \u00c1ngel Yunes M\u00e1rquez en la tribuna que le colocaron al centro del z\u00f3calo de la ciudad de Veracruz, espacio donde se congregaron miles de ciudadanos que respondieron al llamado de la marcha #TodosSomosMiguel<\/p>\n\n\n\n<p>La cita fue a las 10:30 de la ma\u00f1ana, aunque med\u00eda hora antes ya hab\u00eda iniciado el operativo de Tr\u00e1nsito Municipal para evitar aglomeraciones y problemas viales en la zona centro.<\/p>\n\n\n\n<p>Todos vestidos de blanco como fue la solicitud ya estaban listos para iniciar el recorrido al cual comenz\u00f3 a las 11:30 de la ma\u00f1ana, una vez que lleg\u00f3 Miguel \u00c1ngel Yunes M\u00e1rquez.<\/p>\n\n\n\n<p>&#8220;Chiqui&#8221; estuvo flanqueado de Juan Manuel Un\u00e1nue, Miguel Hermida, Carolina Gudi\u00f1o, Mar\u00eda Josefina Gamboa, Indira Rosales, Carlos Valenzuela, entre otros.<\/p>\n\n\n\n<p>Los miles de ciudadanos que acudieron a la marcha, caminaron por toda la avenida Independencia hasta llegar al z\u00f3calo de la ciudad, donde gritaban &#8220;Todos Somos Miguel&#8221;.<\/p>\n\n\n\n<p>Durante su discurso, Yunes M\u00e1rquez, agradeci\u00f3 el apoyo y cari\u00f1o de la gente, exigi\u00f3 libertad por los presos pol\u00edticos como, Rogelio Franco, Goyo G\u00f3mez y Nicol\u00e1s Ruiz, asegurando que el cuarto a quien quer\u00eda encarcelar el gobierno, era a \u00e9l, pero no pudo lograrlo.<\/p>\n\n\n\n<p>Finalmente, agradeci\u00f3 a su esposa, Patricia Lobeira Rodr\u00edguez, quien tras haberle quitado la candidatura por el Tribunal Electoral de Veracruz, fue ella quien lo suplir\u00e1 de manera temporal.<\/p>\n","protected":false},"excerpt":{"rendered":"<p>Alejandro \u00c1vila Veracruz, Ver.- &#8220;No nos van a detener, no nos van a doblegar&#8221;, manifest\u00f3 Miguel \u00c1ngel Yunes M\u00e1rquez en la tribuna que le colocaron al centro del z\u00f3calo de la ciudad de Veracruz, espacio donde se congregaron miles de ciudadanos que respondieron al llamado de la marcha #TodosSomosMiguel La cita fue a las 10:30 [&hellip;]<\/p>\n","protected":false},"author":1,"featured_media":14399,"comment_status":"open","ping_status":"open","sticky":false,"template":"","format":"standard","meta":{"_jetpack_memberships_contains_paid_content":false,"footnotes":""},"categories":[2],"tags":[],"class_list":["post-14398","post","type-post","status-publish","format-standard","has-post-thumbnail","hentry","category-estado"],"jetpack_featured_media_url":"https:\/\/encuentroinformativo.com.mx\/wp-content\/uploads\/2021\/05\/BC59FD0E-47C1-4D24-BC20-2D743A51859E.jpeg","jetpack_sharing_enabled":true,"jetpack_likes_enabled":true,"amp_enabled":true,"_links":{"self":[{"href":"https:\/\/encuentroinformativo.com.mx\/index.php?rest_route=\/wp\/v2\/posts\/14398","targetHints":{"allow":["GET"]}}],"collection":[{"href":"https:\/\/encuentroinformativo.com.mx\/index.php?rest_route=\/wp\/v2\/posts"}],"about":[{"href":"https:\/\/encuentroinformativo.com.mx\/index.php?rest_route=\/wp\/v2\/types\/post"}],"author":[{"embeddable":true,"href":"https:\/\/encuentroinformativo.com.mx\/index.php?rest_route=\/wp\/v2\/users\/1"}],"replies":[{"embeddable":true,"href":"https:\/\/encuentroinformativo.com.mx\/index.php?rest_route=%2Fwp%2Fv2%2Fcomments&post=14398"}],"version-history":[{"count":1,"href":"https:\/\/encuentroinformativo.com.mx\/index.php?rest_route=\/wp\/v2\/posts\/14398\/revisions"}],"predecessor-version":[{"id":14400,"href":"https:\/\/encuentroinformativo.com.mx\/index.php?rest_route=\/wp\/v2\/posts\/14398\/revisions\/14400"}],"wp:featuredmedia":[{"embeddable":true,"href":"https:\/\/encuentroinformativo.com.mx\/index.php?rest_route=\/wp\/v2\/media\/14399"}],"wp:attachment":[{"href":"https:\/\/encuentroinformativo.com.mx\/index.php?rest_route=%2Fwp%2Fv2%2Fmedia&parent=14398"}],"wp:term":[{"taxonomy":"category","embeddable":true,"href":"https:\/\/encuentroinformativo.com.mx\/index.php?rest_route=%2Fwp%2Fv2%2Fcategories&post=14398"},{"taxonomy":"post_tag","embeddable":true,"href":"https:\/\/encuentroinformativo.com.mx\/index.php?rest_route=%2Fwp%2Fv2%2Ftags&post=14398"}],"curies":[{"name":"wp","href":"https:\/\/api.w.org\/{rel}","templated":true}]}}