{"id":14407,"date":"2021-05-24T09:19:39","date_gmt":"2021-05-24T14:19:39","guid":{"rendered":"https:\/\/encuentroinformativo.com.mx\/?p=14407"},"modified":"2021-05-24T09:19:43","modified_gmt":"2021-05-24T14:19:43","slug":"el-caron-carlos-dario-villalpando","status":"publish","type":"post","link":"https:\/\/encuentroinformativo.com.mx\/?p=14407","title":{"rendered":"El Car\u00f3n, Carlos Dar\u00edo, Villalpando"},"content":{"rendered":"\n<p><strong>Los Pol\u00edticos<\/strong><\/p>\n\n\n\n<p><strong>Salvador Mu\u00f1oz<\/strong><\/p>\n\n\n\n<p>S\u00f3lo imagine que Morena logra en estas elecciones mantener mayor\u00eda en el Congreso local o en el peor de los escenarios, lograr un equilibrio de fuerzas.<\/p>\n\n\n\n<p>Me refiero al escenario local porque si bien, Juan Javier G\u00f3mez Cazar\u00edn anda de La Ceca a La Meca y pide el Tres de Tres por los candidatos de Morena (Diputado federal, presidente municipal y Diputado local), es claro que la encomienda que trae junto con Esteban Ram\u00edrez Zepeta y su abuelito Domingo Bahena Corbal\u00e1, es sacar a los diputados locales.<\/p>\n\n\n\n<p>Por supuesto que la tarea no ser\u00e1 tan f\u00e1cil como ocurri\u00f3 hace tres a\u00f1os donde la inercia arrastr\u00f3 la mayor\u00eda que hoy manda en el Palacio de Encanto, pero tan s\u00f3lo imagine qu\u00e9 ocurre si se da el primer escenario que planteo al inicio de esta opini\u00f3n: El Car\u00f3n subir\u00eda como espuma y estar\u00eda enfilando a ser factor pol\u00edtico de decisiones en pos del 24.<\/p>\n\n\n\n<p>Adem\u00e1s, sin pretensi\u00f3n de amarrar navajas o meter ciza\u00f1a, El Car\u00f3n empata m\u00e1s con la raza que un Bola 8 o un Cuic pero no por ello, deja de ser institucional Cazar\u00edn.<\/p>\n\n\n\n<p>S\u00ed, se insiste, no es tarea f\u00e1cil la que tiene Morena y Juan Javier, pero tampoco es pan comido para la oposici\u00f3n\u2026 el siete de junio se ver\u00e1 hasta d\u00f3nde llega El Car\u00f3n.<\/p>\n\n\n\n<p>II&nbsp;<\/p>\n\n\n\n<p>Antes de los comicios para diputados y presidentes municipales, en Veracruz habr\u00e1 otra elecci\u00f3n: la de la dirigencia de la Secci\u00f3n 108, del Sindicato Nacional de Trabajadores de la M\u00fasica, con sede en Xalapa.<\/p>\n\n\n\n<p>Uno de los m\u00fasicos que suena (valga la expresi\u00f3n) para asumir el cargo como Secretario General, es Carlos Dar\u00edo Arcos Oma\u00f1a, de Banda Rams y quien inici\u00f3 sus pininos musicales con el grupo Martes 13.&nbsp;<\/p>\n\n\n\n<p>Carlos Dar\u00edo, ex alcalde de Altotonga y f\u00e9rreo defensor de sus amigos as\u00ed como de las garnachas de su municipio, no se hace de la boca chiquita y s\u00ed est\u00e1 dispuesto a participar, pero con una salvedad: busca el consenso de la mayor\u00eda, que no ha de resultar dif\u00edcil, porque en el gremio, lo ven como alguien que luche por darle dignidad, cabida y participaci\u00f3n a todos los m\u00fasicos en aras de recuperar la fuerza del sindicato y por ende, la econ\u00f3mica, factor muy castigado por la pandemia y la falta de visi\u00f3n de las autoridades para con ellos.<\/p>\n\n\n\n<p>Para otros, Carlos Dar\u00edo representa todo lo opuesto a esos \u201cl\u00edderes\u201d que quieren ser eternos y que solo exponen proyectos fallidos pero con beneficios personales, dejando en estado de indefensi\u00f3n a sus representados.<\/p>\n\n\n\n<p>La menci\u00f3n de Arcos Oma\u00f1a como candidato a la dirigencia musical es para muchos, m\u00fasica para sus o\u00eddos\u2026&nbsp;<\/p>\n\n\n\n<p>III<\/p>\n\n\n\n<p>\u00bfHan notado que El Car\u00f3n lleva en sus chalecos s\u00f3lo sus siglas JJ y el apellido Cazar\u00edn? Un amigo en la ma\u00f1ana not\u00f3 en otro candidato de Morena lo mismo, que se quitaba el apellido paterno para ocupar el materno: Villalpando.<\/p>\n\n\n\n<p>\u201c\u00bfPor qu\u00e9 se quita el Hern\u00e1ndez en su propaganda y s\u00f3lo se publicita como Rafael H Villalpando&#8230; \u00bfverg\u00fcenza? \u00bfapellido com\u00fan\u2026 corriente&#8230; historia&#8230; orfandad, etc\u00e9tera?\u201d Le respond\u00eda que quiz\u00e1s porque lo ubican como Villlalpando&#8230; \u201ccomo en la contienda de David Velasco Chedraui (cuando por primera vez contendi\u00f3 como candidato a presidente municipal), donde destacaban m\u00e1s el apellido que vende&#8230; recuerdo que su padre le reclamaba el porqu\u00e9 se quitaba su apellido paterno\u201d&#8230;<br>Le agregaba que algo similar ocurr\u00eda con AMLO&#8230; \u201cla gente amarra los dos apellidos (L\u00f3pez Obrador) porque si citas L\u00f3pez solamente, es un L\u00f3pez m\u00e1s\u201d.<\/p>\n\n\n\n<p>El amigo me respondi\u00f3 que el caso de Villalpando denota gran inseguridad, verg\u00fcenza u orfandad\u2026 \u201cEl Hern\u00e1ndez es de mayor identificaci\u00f3n chaira, pero el apellido Villalpando no significa nada, o mejor dicho s\u00ed: fracaso municipal, universitario y sobre todo ausencia legislativa federal y de gesti\u00f3n\u201d.<\/p>\n\n\n\n<p>Por si fuera poco, agreg\u00f3: \u201cser\u00eda mejor Rafael Hern\u00e1ndez, quien quite lo identifiquen con Rafael Hern\u00e1ndez Ochoa o m\u00e1s bien con el jibarito Rafael Hern\u00e1ndez (por aquello de que sali\u00f3 loco de contento con su cargamento \u2013de coca\u2026 el refresco, queremos pensar\u2013 o como pariente de Sergio Hern\u00e1ndez!\u201d<\/p>\n\n\n\n<p><a href=\"mailto:smcainito@gmail.com\" target=\"_blank\" rel=\"noreferrer noopener\">smcainito@gmail.com<\/a><\/p>\n","protected":false},"excerpt":{"rendered":"<p>Los Pol\u00edticos Salvador Mu\u00f1oz S\u00f3lo imagine que Morena logra en estas elecciones mantener mayor\u00eda en el Congreso local o en el peor de los escenarios, lograr un equilibrio de fuerzas. Me refiero al escenario local porque si bien, Juan Javier G\u00f3mez Cazar\u00edn anda de La Ceca a La Meca y pide el Tres de Tres [&hellip;]<\/p>\n","protected":false},"author":1,"featured_media":70,"comment_status":"open","ping_status":"open","sticky":false,"template":"","format":"standard","meta":{"_jetpack_memberships_contains_paid_content":false,"footnotes":""},"categories":[11],"tags":[],"class_list":["post-14407","post","type-post","status-publish","format-standard","has-post-thumbnail","hentry","category-opinion"],"jetpack_featured_media_url":"https:\/\/encuentroinformativo.com.mx\/wp-content\/uploads\/2020\/02\/opinion-invitado.jpg","jetpack_sharing_enabled":true,"jetpack_likes_enabled":true,"amp_enabled":true,"_links":{"self":[{"href":"https:\/\/encuentroinformativo.com.mx\/index.php?rest_route=\/wp\/v2\/posts\/14407","targetHints":{"allow":["GET"]}}],"collection":[{"href":"https:\/\/encuentroinformativo.com.mx\/index.php?rest_route=\/wp\/v2\/posts"}],"about":[{"href":"https:\/\/encuentroinformativo.com.mx\/index.php?rest_route=\/wp\/v2\/types\/post"}],"author":[{"embeddable":true,"href":"https:\/\/encuentroinformativo.com.mx\/index.php?rest_route=\/wp\/v2\/users\/1"}],"replies":[{"embeddable":true,"href":"https:\/\/encuentroinformativo.com.mx\/index.php?rest_route=%2Fwp%2Fv2%2Fcomments&post=14407"}],"version-history":[{"count":1,"href":"https:\/\/encuentroinformativo.com.mx\/index.php?rest_route=\/wp\/v2\/posts\/14407\/revisions"}],"predecessor-version":[{"id":14408,"href":"https:\/\/encuentroinformativo.com.mx\/index.php?rest_route=\/wp\/v2\/posts\/14407\/revisions\/14408"}],"wp:featuredmedia":[{"embeddable":true,"href":"https:\/\/encuentroinformativo.com.mx\/index.php?rest_route=\/wp\/v2\/media\/70"}],"wp:attachment":[{"href":"https:\/\/encuentroinformativo.com.mx\/index.php?rest_route=%2Fwp%2Fv2%2Fmedia&parent=14407"}],"wp:term":[{"taxonomy":"category","embeddable":true,"href":"https:\/\/encuentroinformativo.com.mx\/index.php?rest_route=%2Fwp%2Fv2%2Fcategories&post=14407"},{"taxonomy":"post_tag","embeddable":true,"href":"https:\/\/encuentroinformativo.com.mx\/index.php?rest_route=%2Fwp%2Fv2%2Ftags&post=14407"}],"curies":[{"name":"wp","href":"https:\/\/api.w.org\/{rel}","templated":true}]}}