{"id":14409,"date":"2021-05-24T09:29:33","date_gmt":"2021-05-24T14:29:33","guid":{"rendered":"https:\/\/encuentroinformativo.com.mx\/?p=14409"},"modified":"2021-05-24T09:29:37","modified_gmt":"2021-05-24T14:29:37","slug":"el-cinismo-de-los-mezhua-en-zongolica-grupo-parapoliciaco-intimida-en-tlalnehuayocan","status":"publish","type":"post","link":"https:\/\/encuentroinformativo.com.mx\/?p=14409","title":{"rendered":"EL CINISMO DE LOS MEZHUA EN ZONGOLICA; GRUPO PARAPOLICIACO INTIMIDA EN TLALNEHUAYOCAN"},"content":{"rendered":"\n<p><strong>@pablojair<\/strong><\/p>\n\n\n\n<ul class=\"wp-block-list\"><li>&#8220;O se la juegan con Miguel Chiquito o perder\u00e1n la chamba&#8221;.<\/li><li>Roc\u00edo Ojeda va por la Rector\u00eda de la UV.<\/li><li>Denuncia contra brigadistas de #LadyNacosIgnorantes.<\/li><\/ul>\n\n\n\n<p>Quieren ganar con fotos lo que se gana con votos; pero no aprenden.<br>&#8211;Chopenjawer<\/p>\n\n\n\n<p>Con todo el cinismo del mundo, en Zongolica no quieren soltar la ubre municipal; el alcalde del PRD con licencia, Juan Carlos Mezhua Campos, al no poder reelegirse de manera legal, puso a su hijo Carlos Irineo como candidato, y abiertamente dice: &#8220;Es para poder reelegirme&#8221;.<\/p>\n\n\n\n<p>En un video transmitido este 20 de mayo, el edil lo expresa abiertamente: puse a mi hijo de candidato para que sea yo el que mande en el ayuntamiento.<\/p>\n\n\n\n<p>&#8220;Hoy quiero informarles c\u00f3mo va a estar el tema de la reelecci\u00f3n. Recuerden ustedes que la reelecci\u00f3n la mandat\u00f3 nuestro pueblo, la gente organizada me plante\u00f3 el hecho de que sigamos al frente del municipio, y, l\u00f3gicamente, eso vamos a hacer; obviamente el requisito del registro, por eso pusimos todos, el partido, registrar a Carlitos, pues porque \u00e9l nos garantiza que nos otorguen facultades jur\u00eddicas para poder seguir al frente del municipio&#8221;, dice con toda desfachatez.<\/p>\n\n\n\n<p>En el mismo video aparecen el edil con licencia (que se vende como bonach\u00f3n ind\u00edgena), su hijo y la candidata a s\u00edndica.<\/p>\n\n\n\n<p>Hay varios se\u00f1alamientos contra este alcalde perredista, como el de que presuntamente meti\u00f3 a todos sus hermanos hacer la obra p\u00fablica en el municipio.<\/p>\n\n\n\n<p>Pero algo que s\u00ed fue p\u00fablico y conocido, es que fue denunciado por violencia pol\u00edtica de g\u00e9nero contra la regidora Arely Tezoco Oltehua.<\/p>\n\n\n\n<p>Fue el 1 de octubre del a\u00f1o pasado cuando la Sala Superior del Tribunal Electoral del Poder Judicial de la Federaci\u00f3n (TEPJF), confirm\u00f3 por mayor\u00eda de votos Juan Carlos Mezhua Campos cometi\u00f3 violencia pol\u00edtica de g\u00e9nero contra dicha regidora, acredit\u00f3 la obstaculizaci\u00f3n del cargo y acoso laboral<\/p>\n\n\n\n<p>Es una situaci\u00f3n que realmente preocupa por la manera tan c\u00ednica en que el edil pretende formar un nuevo cacicazgo aprovech\u00e1ndose de que la mayor parte de Zongolica son localidades ind\u00edgenas que desconocen de temas electorales. Aunado a lo anterior, en el municipio no hay oposici\u00f3n fuerte.<\/p>\n\n\n\n<p>Como van las cosas, parece inevitable ese escenario favorable a Mezhua en una de las zonas ind\u00edgenas m\u00e1s pobres del pa\u00eds, donde tambi\u00e9n son caciques los exdiputados federales Mario Zepahua y Tom\u00e1s L\u00f3pez Landeros.<\/p>\n\n\n\n<p><strong>CASO TLALNELHUAYOCAN<\/strong><\/p>\n\n\n\n<p>Por otra parte, en Tlalnelhuayocan anda la poblaci\u00f3n con temor porque la candidata del Movimiento de Regeneraci\u00f3n Nacional (Morena), Fanny Mu\u00f1oz, trae un grupo de choque que anda sembrando miedo con intimidaciones y amenazas.<\/p>\n\n\n\n<p>Llama la atenci\u00f3n que este grupo trae una log\u00edstica y coordinaci\u00f3n tipo policiaco; incluso se habla de armas.<\/p>\n\n\n\n<p>Y es que Mu\u00f1oz es hija de Luis Alberto Mu\u00f1oz L\u00f3pez, due\u00f1o de Grupo Centauro Veracruz, una empresa dedicada a la seguridad privada. El mencionado fue escolta jefe de escoltas en el gobierno de Miguel Alem\u00e1n Velasco y tuvo cargos dentro de Seguridad P\u00fablica, donde hizo mucho dinero.<\/p>\n\n\n\n<p>Una vez asentado en Tlalnelhuayocan (municipio conurbado con Xalapa), Mu\u00f1oz L\u00f3pez mand\u00f3 a hacerse una mansi\u00f3n en el ejido Rancho Viejo, donde tambi\u00e9n se meti\u00f3 a invadir a los vecinos, hasta que por \u00f3rdenes de un tribunal lo pararon.<\/p>\n\n\n\n<p>Es curioso, pero pese a todo lo que seg\u00fan conoce del \u00e1mbito policiaco, se sabe que hace unos a\u00f1os le secuestraron a su hija, la hoy candidata.<\/p>\n\n\n\n<p>Lo m\u00e1s reciente que se ha sabido de las operaciones de este grupo es que acosa y persigue a simpatizantes de otros partidos, haci\u00e9ndole a la &#8220;succionada&#8221; con radios Kenwood a todo volumen para apantallar a la gente del pueblo<\/p>\n\n\n\n<p>Pero comentan tambi\u00e9n que van tan mal en la campa\u00f1a, que la madrugada del s\u00e1bado hubo un pleito fuerte en el equipo de la candidata, y llegaron hasta romperle a pedradas los cristales de su casa a uno de los coordinadores.<\/p>\n\n\n\n<p>Un personaje que se\u00f1alan como incitador de la violencia es identificado con el apodo de &#8220;Barba Azul&#8221;, quien presiona a los colaboradores de la candidata y manda a hostigar a los adversarios. El tal &#8220;Barba Azul&#8221;, seg\u00fan comentan en el pueblo, es un secreto a voces que le gusta hacerle a esos que se creen Zetas, pero que adem\u00e1s es se\u00f1alado por presuntamente cometer abigeato en a\u00f1os anteriores; luego desapareci\u00f3 y nuevamente se le ve en la campa\u00f1a morenista.<\/p>\n\n\n\n<p>Vaya fichitas en Zongolica y Tlalnelhuayocan: un pinche c\u00ednico y un aspirante a malandro.<\/p>\n\n\n\n<p><strong>NOTA PARA PEGAR EN EL REFRI:<\/strong> La orden de los operadores panistas fue tajante: &#8220;Como empleados del ayuntamiento de Veracruz est\u00e1n obligados a ir a la marcha en apoyo del patr\u00f3n Miguel. Cada uno tiene que llevar forzosamente a cuatro familiares para que hagan bola y se vea mucha gente. Quienes no lo hagan se atendr\u00e1n a las consecuencias (\u2026) El protocolo para participar es el siguiente &#8211;les dijo el promotor yunista&#8211; deber\u00e1n tomarse una selfie grupal: un empleado y cuatro familiares, cuando lleguen al punto que se les indicar\u00e1. Dependiendo del cruce que tengan como punto de partida, tomar\u00e1n otra foto a medio recorrido. Y ya al final de la marcha, otra m\u00e1s&#8221;\u2026 El prop\u00f3sito de tales instrucciones era obligar a que los empleados municipales participaran en toda la marcha, sin salirse anticipadamente de la misma, para garantizar multitud en la foto que m\u00e1s tarde distribuir\u00edan a los medios\u2026 \u00bfCu\u00e1l ser\u00eda el costo de no acatar las instrucciones? Por supuesto: perder la chamba en el ayuntamiento\u2026 &#8220;O se la juegan con el patr\u00f3n o perder\u00e1n la chamba de inmediato&#8221;, les advirti\u00f3 en tono temerario el enviado del alcalde en funciones\u2026 Por cierto, quiz\u00e1s como se\u00f1al de mal presagio, pero al encargado del dron para grabar la enorme megaloman\u00eda de \u201cMiguel Chiquito\u201d, se le cay\u00f3 dicho aparato en plena marcha\u2026 Fucking bad luck!.<\/p>\n\n\n\n<p><strong>OTRA NOTA: <\/strong>La doctora Roc\u00edo Ojeda Callado anunciar\u00e1 este lunes que participar\u00e1 en la b\u00fasqueda por la Rector\u00eda de la Universidad Veracruzana. Va a hacerlo con toda su experiencia, toda su trayectoria dentro de la academia, como miembro de la dirigencia del Sindicato Estatal del Personal Acad\u00e9mico de la Universidad Veracruzana (FESAPAUV), dentro de la iniciativa privada como consultora, con maestr\u00eda y doctorado en Comunicaci\u00f3n, con conocimiento pleno de las entra\u00f1as de la universidad, como docente por m\u00e1s de 30 a\u00f1os, como directora de la facultad de Ciencias y T\u00e9cnicas de la Comunicaci\u00f3n, como delegada sindical. Quienes la conocen, saben que ella conoce mucho de lo que acontece dentro de la UV, y a diferencia de los dem\u00e1s aspirantes, ella sigue dando clases frente a grupo, lo que hace la diferencia con los dem\u00e1s aspirantes. Adem\u00e1s, cuenta con respaldo de grupos de las cinco zonas en el estado. Mucho \u00e9xito, porque &#8220;suerte&#8221; se le desea a otro tipo de personas.<\/p>\n\n\n\n<p><strong>LA \u00daLTIMA PORQUE YA NO TARDA LA PIZZA DE LOS PAISAS: <\/strong>La candidata a la diputaci\u00f3n local por el distrito XV, de la coalici\u00f3n &#8220;Juntos Haremos Historia en Veracruz&#8221;, Diana Santiago Huesca inform\u00f3 que a trav\u00e9s de los representantes de los partidos Morena, PT y PVEM, se ha interpuesto una denuncia ante el Organismo P\u00fablico Local Electoral de Veracruz (OPLE) contra el equipo de brigadistas de Patricia Lobeira de Yunes. Esto derivado de los actos vand\u00e1licos que el pasado s\u00e1bado 22 de mayo de a\u00f1o en curso, donde la casa de la se\u00f1ora Irma Aldana Rivera con direcci\u00f3n en calle retorno O n\u00famero 259 entre calle norte 3 y calle Ruiz Cortines de la colonia Lagos del municipio de Veracruz le fue arrancada sin su consentimiento la lona de la candidata de la coalici\u00f3n Morena, PT, PVEM. La afectada manifest\u00f3 en testimonio que la brigada panista le quit\u00f3 su lona con lujo de violencia. Cabe destacar, que el individuo captado en un video registrado por uno de los vecinos, es identificado como trabajador del Ayuntamiento de Veracruz; situaci\u00f3n que ha sido recurrente en diferentes colonias del municipio por los integrantes de las brigadas panistas\u2026. Nena de la Reguera, candidata de Morena a la alcald\u00eda de Boca del R\u00edo, se reuni\u00f3 con simpatizantes de la colonia Miguel Alem\u00e1n, para informarles acerca de sus propuestas en materia de seguridad y bienestar social. La candidata fue enf\u00e1tica al informar que para que una estrategia de seguridad sea efectiva en el municipio, es necesario que exista una coordinaci\u00f3n real con la Guardia Nacional y con la Polic\u00eda Estatal: &#8220;Es muy importante la coordinaci\u00f3n que vamos a tener con la Polic\u00eda Estatal y la Guardia Nacional, eso nos permitir\u00e1 ir avanzando en una mayor seguridad para todos los habitantes, de todas las zonas, sin distinci\u00f3n y sin privilegios&#8221;, explic\u00f3\u2026 El pr\u00f3ximo 6 de junio la ciudadan\u00eda debe hacer una reflexi\u00f3n importante, pensar en qu\u00e9 partidos est\u00e1n con el pueblo, y cu\u00e1les est\u00e1n m\u00e1s preocupados por saquear y hacer negocios con recursos de los mexicanos, expres\u00f3 Rosa Mar\u00eda Hern\u00e1ndez Espejo, Candidata a Diputada Federal del Distrito 4 de Veracruz por Morena. En su b\u00fasqueda por el voto este domingo, en caminata intensa en la Unidad Habitacional Buena Vista, exhort\u00f3 al electorado a mirar al pasado cuando los pol\u00edticos de oposici\u00f3n se hac\u00edan millonarios a \u201ccostillas del pueblo\u201d, o mirar al futuro a la reconstrucci\u00f3n del pa\u00eds con la Cuarta Transformaci\u00f3n que ha comenzado a cambiar la vida de las clases m\u00e1s vulnerables\u2026 Por su parte, el candidato a la alcald\u00eda de Veracruz por la coalici\u00f3n \u201cJuntos Haremos Historia en Veracruz\u201d, Ricardo Exsome Zapata, dijo que su administraci\u00f3n apoyar\u00e1 al deporte. Al participar durante el Foro del Deporte Veracruzano les dijo que &#8220;an\u00f3tenme en la prueba, en el roster o en la alineaci\u00f3n, yo soy parte de su equipo, con el que vamos a representar a Veracruz y vamos a ganar. S\u00e9 lo que significa el deporte, lo que beneficia, lo que previene e incluso lo que produce, por lo que agradeci\u00f3 la dedicaci\u00f3n que tuvieron para realizar sus exposiciones, eso habla de su compromiso&#8221;, extern\u00f3\u2026 Finalmente, el candidato a la diputaci\u00f3n local por la coalici\u00f3n &#8220;Juntos Haremos Historia&#8221;, Fernando Arteaga Aponte, sostuvo que desde la C\u00e1mara de Diputados legislar\u00e1 por medidas que permitan la reactivaci\u00f3n de la econom\u00eda de las familias veracruzanas, donde fortalecer la econom\u00eda de familias veracruzanas ser\u00e1 su prioridad en el Congreso. De igual manera, el abanderado morenista no s\u00f3lo velar\u00e1 por la econom\u00eda tur\u00edstica sino que implementar\u00e1 acciones que favorezcan a familias veracruzanas y el repunte econ\u00f3mico de la ciudad de Veracruz.<\/p>\n","protected":false},"excerpt":{"rendered":"<p>@pablojair &#8220;O se la juegan con Miguel Chiquito o perder\u00e1n la chamba&#8221;. Roc\u00edo Ojeda va por la Rector\u00eda de la UV. Denuncia contra brigadistas de #LadyNacosIgnorantes. Quieren ganar con fotos lo que se gana con votos; pero no aprenden.&#8211;Chopenjawer Con todo el cinismo del mundo, en Zongolica no quieren soltar la ubre municipal; el alcalde [&hellip;]<\/p>\n","protected":false},"author":1,"featured_media":488,"comment_status":"open","ping_status":"open","sticky":false,"template":"","format":"standard","meta":{"_jetpack_memberships_contains_paid_content":false,"footnotes":""},"categories":[11],"tags":[],"class_list":["post-14409","post","type-post","status-publish","format-standard","has-post-thumbnail","hentry","category-opinion"],"jetpack_featured_media_url":"https:\/\/encuentroinformativo.com.mx\/wp-content\/uploads\/2020\/03\/F471F608-BA1A-416B-BA7B-BCFB24F4E6D0.jpeg","jetpack_sharing_enabled":true,"jetpack_likes_enabled":true,"amp_enabled":true,"_links":{"self":[{"href":"https:\/\/encuentroinformativo.com.mx\/index.php?rest_route=\/wp\/v2\/posts\/14409","targetHints":{"allow":["GET"]}}],"collection":[{"href":"https:\/\/encuentroinformativo.com.mx\/index.php?rest_route=\/wp\/v2\/posts"}],"about":[{"href":"https:\/\/encuentroinformativo.com.mx\/index.php?rest_route=\/wp\/v2\/types\/post"}],"author":[{"embeddable":true,"href":"https:\/\/encuentroinformativo.com.mx\/index.php?rest_route=\/wp\/v2\/users\/1"}],"replies":[{"embeddable":true,"href":"https:\/\/encuentroinformativo.com.mx\/index.php?rest_route=%2Fwp%2Fv2%2Fcomments&post=14409"}],"version-history":[{"count":1,"href":"https:\/\/encuentroinformativo.com.mx\/index.php?rest_route=\/wp\/v2\/posts\/14409\/revisions"}],"predecessor-version":[{"id":14410,"href":"https:\/\/encuentroinformativo.com.mx\/index.php?rest_route=\/wp\/v2\/posts\/14409\/revisions\/14410"}],"wp:featuredmedia":[{"embeddable":true,"href":"https:\/\/encuentroinformativo.com.mx\/index.php?rest_route=\/wp\/v2\/media\/488"}],"wp:attachment":[{"href":"https:\/\/encuentroinformativo.com.mx\/index.php?rest_route=%2Fwp%2Fv2%2Fmedia&parent=14409"}],"wp:term":[{"taxonomy":"category","embeddable":true,"href":"https:\/\/encuentroinformativo.com.mx\/index.php?rest_route=%2Fwp%2Fv2%2Fcategories&post=14409"},{"taxonomy":"post_tag","embeddable":true,"href":"https:\/\/encuentroinformativo.com.mx\/index.php?rest_route=%2Fwp%2Fv2%2Ftags&post=14409"}],"curies":[{"name":"wp","href":"https:\/\/api.w.org\/{rel}","templated":true}]}}