{"id":14417,"date":"2021-05-24T13:12:07","date_gmt":"2021-05-24T18:12:07","guid":{"rendered":"https:\/\/encuentroinformativo.com.mx\/?p=14417"},"modified":"2021-05-24T13:12:12","modified_gmt":"2021-05-24T18:12:12","slug":"de-nuevo-sin-medicamentos-para-ninos-con-cancer-en-torre-pediatrica","status":"publish","type":"post","link":"https:\/\/encuentroinformativo.com.mx\/?p=14417","title":{"rendered":"De nuevo, sin medicamentos para ni\u00f1os con c\u00e1ncer en Torre Ped\u00edatrica"},"content":{"rendered":"\n<p><strong>Alejandro \u00c1vila<\/strong><\/p>\n\n\n\n<p>Veracruz, Ver.- Nuevamente y como ha sido una costumbre, madres de ni\u00f1os que llevan su tratamiento oncol\u00f3gico en la Torre Pedi\u00e1trica de Veracruz puerto, denuncian la falta de medicamentos para las quimioterapias.<\/p>\n\n\n\n<p>Cora de Jes\u00fas Rodr\u00edguez, se\u00f1al\u00f3 que hace algunos meses una asociaci\u00f3n civil estuvo apoyando con medicamentos, y el hospital aprovech\u00f3 para desentenderse de la situaci\u00f3n, y aunque las madres han pedido respuestas a las autoridades pertinentes, estas las han ignorado.<\/p>\n\n\n\n<p>&#8220;Ya tenemos ahorita pues con esta problematica varios meses, nada m\u00e1s que no estaba apoyando una asociaci\u00f3n en medicina, pero al final del d\u00eda pues ya nos cansamos de esperar al hospital y no nos dan una respuesta favorable&#8221;, coment\u00f3.<\/p>\n\n\n\n<p>Al menos 5 medicamentos de suma importancia para sus tratamientos oncol\u00f3gicos son los que le hacen falta a los casi 80 ni\u00f1os que se ven afectados por esta situaci\u00f3n y que corre en riesgo su salud por la falta de los farmacos.<\/p>\n\n\n\n<p>&#8220;El director Avelino no nos quiere recibir, siempre hay una respuesta por parte de la secretaria, que est\u00e1 ocupado, que est\u00e1 en juntas y nos nos quiere recibir, \u00e9l como servidor p\u00fablico nos tendr\u00eda que estar recibiendo para darnos la respuesta de porque causa no hay medicamentos&#8221;, asest\u00f3.<\/p>\n","protected":false},"excerpt":{"rendered":"<p>Alejandro \u00c1vila Veracruz, Ver.- Nuevamente y como ha sido una costumbre, madres de ni\u00f1os que llevan su tratamiento oncol\u00f3gico en la Torre Pedi\u00e1trica de Veracruz puerto, denuncian la falta de medicamentos para las quimioterapias. Cora de Jes\u00fas Rodr\u00edguez, se\u00f1al\u00f3 que hace algunos meses una asociaci\u00f3n civil estuvo apoyando con medicamentos, y el hospital aprovech\u00f3 para [&hellip;]<\/p>\n","protected":false},"author":1,"featured_media":14418,"comment_status":"open","ping_status":"open","sticky":false,"template":"","format":"standard","meta":{"_jetpack_memberships_contains_paid_content":false,"footnotes":""},"categories":[9],"tags":[],"class_list":["post-14417","post","type-post","status-publish","format-standard","has-post-thumbnail","hentry","category-salud"],"jetpack_featured_media_url":"https:\/\/encuentroinformativo.com.mx\/wp-content\/uploads\/2021\/05\/29482C5B-F401-4DCB-97AD-2965752E2556.jpeg","jetpack_sharing_enabled":true,"jetpack_likes_enabled":true,"amp_enabled":true,"_links":{"self":[{"href":"https:\/\/encuentroinformativo.com.mx\/index.php?rest_route=\/wp\/v2\/posts\/14417","targetHints":{"allow":["GET"]}}],"collection":[{"href":"https:\/\/encuentroinformativo.com.mx\/index.php?rest_route=\/wp\/v2\/posts"}],"about":[{"href":"https:\/\/encuentroinformativo.com.mx\/index.php?rest_route=\/wp\/v2\/types\/post"}],"author":[{"embeddable":true,"href":"https:\/\/encuentroinformativo.com.mx\/index.php?rest_route=\/wp\/v2\/users\/1"}],"replies":[{"embeddable":true,"href":"https:\/\/encuentroinformativo.com.mx\/index.php?rest_route=%2Fwp%2Fv2%2Fcomments&post=14417"}],"version-history":[{"count":1,"href":"https:\/\/encuentroinformativo.com.mx\/index.php?rest_route=\/wp\/v2\/posts\/14417\/revisions"}],"predecessor-version":[{"id":14419,"href":"https:\/\/encuentroinformativo.com.mx\/index.php?rest_route=\/wp\/v2\/posts\/14417\/revisions\/14419"}],"wp:featuredmedia":[{"embeddable":true,"href":"https:\/\/encuentroinformativo.com.mx\/index.php?rest_route=\/wp\/v2\/media\/14418"}],"wp:attachment":[{"href":"https:\/\/encuentroinformativo.com.mx\/index.php?rest_route=%2Fwp%2Fv2%2Fmedia&parent=14417"}],"wp:term":[{"taxonomy":"category","embeddable":true,"href":"https:\/\/encuentroinformativo.com.mx\/index.php?rest_route=%2Fwp%2Fv2%2Fcategories&post=14417"},{"taxonomy":"post_tag","embeddable":true,"href":"https:\/\/encuentroinformativo.com.mx\/index.php?rest_route=%2Fwp%2Fv2%2Ftags&post=14417"}],"curies":[{"name":"wp","href":"https:\/\/api.w.org\/{rel}","templated":true}]}}