{"id":14420,"date":"2021-05-24T13:31:24","date_gmt":"2021-05-24T18:31:24","guid":{"rendered":"https:\/\/encuentroinformativo.com.mx\/?p=14420"},"modified":"2021-05-24T13:32:33","modified_gmt":"2021-05-24T18:32:33","slug":"presume-paty-lobeira-respuesta-positiva-a-candidatura","status":"publish","type":"post","link":"https:\/\/encuentroinformativo.com.mx\/?p=14420","title":{"rendered":"Presume Paty Lobeira respuesta positiva a candidatura"},"content":{"rendered":"\n<p><strong>Alejandro \u00c1vila<\/strong><\/p>\n\n\n\n<p>Veracruz, Ver.- La candidata a la alcald\u00eda de Veracruz por la alianza &#8220;Veracruz Va&#8221;, Patricia Lobeira Rodr\u00edguez, se\u00f1al\u00f3 que la respuesta de la gente en las calles al conocerse que aspira a la presidencia municipal ha sido muy buena.<\/p>\n\n\n\n<p>Quien inicio sus recorridos este fin de semana en las colonias Juanita, Rosario Salda\u00f1a, Guadalupe y Ruiz Cortines, expuso que la gente le ha externado quieren seguir creciendo como ciudad, continuando con los trabajos que ya inici\u00f3 la actual administraci\u00f3n municipal.<\/p>\n\n\n\n<p>&#8220;Est\u00e1n muy contentos, que iban a unirse a la lucha y que todos est\u00e1n puestos&#8221;, expres\u00f3.<\/p>\n\n\n\n<p>Este domingo, acompa\u00f1\u00f3 a su esposo, Miguel \u00c1ngel Yunes M\u00e1rquez a la marcha &#8220;Por la Libertad&#8221; la cual fue convocada para darle respaldo, tras haberle nulificado la candidatura en Veracruz puerto por el Tribunal Electoral de Veracruz, quien expuso no cumple con algunos requisitos.<\/p>\n\n\n\n<p>Lobeira Rodr\u00edguez, quien ha mantenido un trabajo alterno y social, sobre todo con mujeres, se dijo contenta por la respuesta de la gente en la marcha, donde centenas de personas caminaron a su lado.<\/p>\n\n\n\n<p>&#8220;Increible, la verdad la gente est\u00e1 puesta y pues el cari\u00f1o de la gente se nota&#8221;, remat\u00f3.<\/p>\n","protected":false},"excerpt":{"rendered":"<p>Alejandro \u00c1vila Veracruz, Ver.- La candidata a la alcald\u00eda de Veracruz por la alianza &#8220;Veracruz Va&#8221;, Patricia Lobeira Rodr\u00edguez, se\u00f1al\u00f3 que la respuesta de la gente en las calles al conocerse que aspira a la presidencia municipal ha sido muy buena. Quien inicio sus recorridos este fin de semana en las colonias Juanita, Rosario Salda\u00f1a, [&hellip;]<\/p>\n","protected":false},"author":1,"featured_media":14421,"comment_status":"open","ping_status":"open","sticky":false,"template":"","format":"standard","meta":{"_jetpack_memberships_contains_paid_content":false,"footnotes":""},"categories":[2],"tags":[],"class_list":["post-14420","post","type-post","status-publish","format-standard","has-post-thumbnail","hentry","category-estado"],"jetpack_featured_media_url":"https:\/\/encuentroinformativo.com.mx\/wp-content\/uploads\/2021\/05\/24089CDE-09D1-45D1-9FDD-51A9A7646BFA.jpeg","jetpack_sharing_enabled":true,"jetpack_likes_enabled":true,"amp_enabled":true,"_links":{"self":[{"href":"https:\/\/encuentroinformativo.com.mx\/index.php?rest_route=\/wp\/v2\/posts\/14420","targetHints":{"allow":["GET"]}}],"collection":[{"href":"https:\/\/encuentroinformativo.com.mx\/index.php?rest_route=\/wp\/v2\/posts"}],"about":[{"href":"https:\/\/encuentroinformativo.com.mx\/index.php?rest_route=\/wp\/v2\/types\/post"}],"author":[{"embeddable":true,"href":"https:\/\/encuentroinformativo.com.mx\/index.php?rest_route=\/wp\/v2\/users\/1"}],"replies":[{"embeddable":true,"href":"https:\/\/encuentroinformativo.com.mx\/index.php?rest_route=%2Fwp%2Fv2%2Fcomments&post=14420"}],"version-history":[{"count":1,"href":"https:\/\/encuentroinformativo.com.mx\/index.php?rest_route=\/wp\/v2\/posts\/14420\/revisions"}],"predecessor-version":[{"id":14422,"href":"https:\/\/encuentroinformativo.com.mx\/index.php?rest_route=\/wp\/v2\/posts\/14420\/revisions\/14422"}],"wp:featuredmedia":[{"embeddable":true,"href":"https:\/\/encuentroinformativo.com.mx\/index.php?rest_route=\/wp\/v2\/media\/14421"}],"wp:attachment":[{"href":"https:\/\/encuentroinformativo.com.mx\/index.php?rest_route=%2Fwp%2Fv2%2Fmedia&parent=14420"}],"wp:term":[{"taxonomy":"category","embeddable":true,"href":"https:\/\/encuentroinformativo.com.mx\/index.php?rest_route=%2Fwp%2Fv2%2Fcategories&post=14420"},{"taxonomy":"post_tag","embeddable":true,"href":"https:\/\/encuentroinformativo.com.mx\/index.php?rest_route=%2Fwp%2Fv2%2Ftags&post=14420"}],"curies":[{"name":"wp","href":"https:\/\/api.w.org\/{rel}","templated":true}]}}