{"id":14423,"date":"2021-05-24T13:42:52","date_gmt":"2021-05-24T18:42:52","guid":{"rendered":"https:\/\/encuentroinformativo.com.mx\/?p=14423"},"modified":"2021-05-24T13:42:56","modified_gmt":"2021-05-24T18:42:56","slug":"buscara-rocio-ojeda-rectoria-de-la-uv","status":"publish","type":"post","link":"https:\/\/encuentroinformativo.com.mx\/?p=14423","title":{"rendered":"Buscar\u00e1 Roc\u00edo Ojeda rector\u00eda de la UV"},"content":{"rendered":"\n<p><strong>Alejandro \u00c1vila<\/strong><\/p>\n\n\n\n<p>Boca del R\u00edo, Ver.- Si bien ser\u00e1 hasta finales del mes de junio cuando salga oficialmente la convocatoria para los aspirantes a la rector\u00eda de la Universidad Veracruzana, la catedr\u00e1tica Roc\u00edo Ojeda Callado, se &#8220;destap\u00f3&#8221; para ocupar el cargo.<\/p>\n\n\n\n<p>En rueda de prensa ofrecida esta ma\u00f1ana, la docente se\u00f1al\u00f3 que sus 37 a\u00f1os dentro de la m\u00e1xima casa de estudios de Veracruz, avalan sus intenciones, pues asegur\u00f3 cuenta con vasta experiencia para cumplir con los objetivos.<\/p>\n\n\n\n<p>Ojeda Callado mencion\u00f3 que uno de sus proyectos ser\u00e1 lograr una universidad flexible, misma que logre concretar convenios con la iniciativa privada para mejorar la experiencia de los alumnos.<\/p>\n\n\n\n<p>Precis\u00f3 que la terna ser\u00e1 emitida en agosto para luego dar el resultado; aunque reconoci\u00f3 existen varios aspirantes, conf\u00eda en que pueda lograr el objetivo que se traz\u00f3 con su equipo de trabajo.<\/p>\n\n\n\n<p>Con respecto a las clases virtuales, expuso que la educaci\u00f3n a distancia &#8220;lleg\u00f3 para quedarse&#8221;, por lo que es necesario adecuar una educaci\u00f3n h\u00edbrida en conjunto con la presencial.<\/p>\n","protected":false},"excerpt":{"rendered":"<p>Alejandro \u00c1vila Boca del R\u00edo, Ver.- Si bien ser\u00e1 hasta finales del mes de junio cuando salga oficialmente la convocatoria para los aspirantes a la rector\u00eda de la Universidad Veracruzana, la catedr\u00e1tica Roc\u00edo Ojeda Callado, se &#8220;destap\u00f3&#8221; para ocupar el cargo. En rueda de prensa ofrecida esta ma\u00f1ana, la docente se\u00f1al\u00f3 que sus 37 a\u00f1os [&hellip;]<\/p>\n","protected":false},"author":1,"featured_media":14424,"comment_status":"open","ping_status":"open","sticky":false,"template":"","format":"standard","meta":{"_jetpack_memberships_contains_paid_content":false,"footnotes":""},"categories":[2],"tags":[],"class_list":["post-14423","post","type-post","status-publish","format-standard","has-post-thumbnail","hentry","category-estado"],"jetpack_featured_media_url":"https:\/\/encuentroinformativo.com.mx\/wp-content\/uploads\/2021\/05\/B9F15169-0198-4ADA-B983-D595E60542DC.jpeg","jetpack_sharing_enabled":true,"jetpack_likes_enabled":true,"amp_enabled":true,"_links":{"self":[{"href":"https:\/\/encuentroinformativo.com.mx\/index.php?rest_route=\/wp\/v2\/posts\/14423","targetHints":{"allow":["GET"]}}],"collection":[{"href":"https:\/\/encuentroinformativo.com.mx\/index.php?rest_route=\/wp\/v2\/posts"}],"about":[{"href":"https:\/\/encuentroinformativo.com.mx\/index.php?rest_route=\/wp\/v2\/types\/post"}],"author":[{"embeddable":true,"href":"https:\/\/encuentroinformativo.com.mx\/index.php?rest_route=\/wp\/v2\/users\/1"}],"replies":[{"embeddable":true,"href":"https:\/\/encuentroinformativo.com.mx\/index.php?rest_route=%2Fwp%2Fv2%2Fcomments&post=14423"}],"version-history":[{"count":1,"href":"https:\/\/encuentroinformativo.com.mx\/index.php?rest_route=\/wp\/v2\/posts\/14423\/revisions"}],"predecessor-version":[{"id":14425,"href":"https:\/\/encuentroinformativo.com.mx\/index.php?rest_route=\/wp\/v2\/posts\/14423\/revisions\/14425"}],"wp:featuredmedia":[{"embeddable":true,"href":"https:\/\/encuentroinformativo.com.mx\/index.php?rest_route=\/wp\/v2\/media\/14424"}],"wp:attachment":[{"href":"https:\/\/encuentroinformativo.com.mx\/index.php?rest_route=%2Fwp%2Fv2%2Fmedia&parent=14423"}],"wp:term":[{"taxonomy":"category","embeddable":true,"href":"https:\/\/encuentroinformativo.com.mx\/index.php?rest_route=%2Fwp%2Fv2%2Fcategories&post=14423"},{"taxonomy":"post_tag","embeddable":true,"href":"https:\/\/encuentroinformativo.com.mx\/index.php?rest_route=%2Fwp%2Fv2%2Ftags&post=14423"}],"curies":[{"name":"wp","href":"https:\/\/api.w.org\/{rel}","templated":true}]}}