{"id":14427,"date":"2021-05-24T14:01:21","date_gmt":"2021-05-24T19:01:21","guid":{"rendered":"https:\/\/encuentroinformativo.com.mx\/?p=14427"},"modified":"2021-05-24T14:01:24","modified_gmt":"2021-05-24T19:01:24","slug":"familiares-presumen-inocencia-de-detenidos-en-nanchital-piden-dialogo-con-gobierno","status":"publish","type":"post","link":"https:\/\/encuentroinformativo.com.mx\/?p=14427","title":{"rendered":"Familiares presumen inocencia de detenidos en Nanchital, piden di\u00e1logo con gobierno"},"content":{"rendered":"\n<p><strong>Dar\u00edo Pale<\/strong><\/p>\n\n\n\n<p>Xalapa, Ver.- El pasado 24 de enero fueron detenidas 11 personas en Nanchital por su presunta relaci\u00f3n con el asesinato de una decena de personas en la zona sur, por lo cual el d\u00eda de hoy est\u00e1n solicitando una audiencia con el gobernador del estado Cuitl\u00e1huac Garc\u00eda Jim\u00e9nez.<\/p>\n\n\n\n<p>En conferencia de prensa realizada en conocido caf\u00e9 del centro de Xalapa Salvador Garc\u00eda, abogado de las familias, se\u00f1al\u00f3 que hasta este momento s\u00f3lo se sabe que legalmente son acusados por el delito de ultrajes a la autoridad, aunque de inicio se habr\u00edan se\u00f1alado como &#8220;autodefensas&#8221;.<\/p>\n\n\n\n<p>&#8220;A la fecha no hemos tenido una respuesta, manifestamos y pedimos al Gobierno nos escuche puesto que nosotros somos iguales que la sociedad y el gobierno es una representaci\u00f3n social de la que somos parte. Queremos una mesa de di\u00e1logo&#8221;, coment\u00f3.<\/p>\n\n\n\n<p>Los abogados de los detenidos se\u00f1alan que se han negado las audiencias y el juicio a las presuntas v\u00edctimas, seg\u00fan refirieron las esposas de los se\u00f1alados.<\/p>\n\n\n\n<p>&#8220;Cuando fueron detenidos se implement\u00f3 un operativo el 24 de enero, entre 5 y 6 de la ma\u00f1ana. Se les relaciona con el delito de ultrajes a la autoridad, porque estaban obstaculizando \u00a0trabajo de la Polic\u00eda Ministerial&#8221; dijo el abogado Salvador Garc\u00eda.<\/p>\n\n\n\n<p>Este lunes acudieron a Xalapa a pedir audiencia al gobernador Cuitl\u00e1huac Garc\u00eda Jim\u00e9nez para que se investigue y se siga conforme a derecho el proceso judicial, pues aseguran que los 11 representados, en su mayor\u00eda jornaleros y personas dedicada al campo, son inocentes y ajenos a la masacre de una decena de personas en la zona sur del estado.<\/p>\n\n\n\n<p>Tras la manifestaci\u00f3n en la plaza Lerdo, la representaci\u00f3n legal y esposas de los detenidos ingresaron al Palacio de Gobierno y confiaron en que la intervenci\u00f3n del Estado facilite las acciones legales que hasta ahora est\u00e1n suspendidas.<\/p>\n\n\n\n<p>Afirm\u00f3 que todos los detenidos son campesinos, gente trabajadora, no est\u00e1n relacionados con grupos de autodefensas como lo han se\u00f1alado algunos medios de comunicaci\u00f3n de la zona sur.<\/p>\n\n\n\n<p>&#8220;Son campesinos, agricultores, ganaderos, es gente de trabajo y en ning\u00fan momento ha tenido alg\u00fan tipo de conducta en contra de la ley y por eso estamos solicitando una mesa de di\u00e1logo&#8221;, agreg\u00f3.<\/p>\n\n\n\n<p>Por su parte, una de las esposas, Ana Reyes, denunci\u00f3 que cuentan con im\u00e1genes del momento de la detenci\u00f3n de algunos, de la destrucci\u00f3n que hicieron en los hogares,ya que record\u00f3 que cuando se suscitaron los hechos dijeron que fueron detenidos en otro lugar.<\/p>\n\n\n\n<p>&#8220;No es cierto, a ellos los sacaron de sus domicilios cuando todav\u00eda estaban dormidos. Los sacaron, a algunos no les dieron ni la oportunidad de vestirse, entonces por todo esto queremos una mesa de di\u00e1logo, no venimos a pelear, lo que est\u00e1 pasando es una injusticia, a ellos los trasladaron y los tienen regados en todo el Estado. No nos permiten verlos, est\u00e1n muy lejos de donde nosotros vivimos&#8221;, lament\u00f3.<\/p>\n\n\n\n<p>Otra de las afectadas coment\u00f3 que al haber sido trasladados a Ceresos de otros municipios alejados de la zona sur, ellas no pueden trasladarse por falta de recursos.<\/p>\n\n\n\n<p>Asimismo, denunci\u00f3 que el d\u00eda de la detenci\u00f3n algunas de las esposas y sus hijos tambi\u00e9n fueron golepados y amenazados con armas largas.<\/p>\n\n\n\n<p>Hay que recordar que el pasado 18 de enero de este a\u00f1o se registr\u00f3 la ejecuci\u00f3n de al menos 12 personas localizadas en el camino al poblado Cerro de Nanchital, Veracruz.<\/p>\n\n\n\n<p>Entre los cad\u00e1veres se identificaron los de Te\u00f3dulo &#8220;N&#8221; e Isidro &#8220;N&#8221;, l\u00edder de autodefensas de ese municipio, as\u00ed como el agente municipal de dicha comunidad, de acuerdo con autoridades.<\/p>\n\n\n\n<p>Finalmente cabe se\u00f1alar que de acuerdo con los informes preliminares, aparentemente todas las v\u00edctimas eran autodefensas y ser\u00edan integrantes del grupo que lideraba Te\u00f3dulo.<\/p>\n","protected":false},"excerpt":{"rendered":"<p>Dar\u00edo Pale Xalapa, Ver.- El pasado 24 de enero fueron detenidas 11 personas en Nanchital por su presunta relaci\u00f3n con el asesinato de una decena de personas en la zona sur, por lo cual el d\u00eda de hoy est\u00e1n solicitando una audiencia con el gobernador del estado Cuitl\u00e1huac Garc\u00eda Jim\u00e9nez. En conferencia de prensa realizada [&hellip;]<\/p>\n","protected":false},"author":1,"featured_media":14428,"comment_status":"open","ping_status":"open","sticky":false,"template":"","format":"standard","meta":{"_jetpack_memberships_contains_paid_content":false,"footnotes":""},"categories":[2],"tags":[],"class_list":["post-14427","post","type-post","status-publish","format-standard","has-post-thumbnail","hentry","category-estado"],"jetpack_featured_media_url":"https:\/\/encuentroinformativo.com.mx\/wp-content\/uploads\/2021\/05\/9E5C4F9B-1CFF-48A3-8ABC-B4BFCE95BFC2.jpeg","jetpack_sharing_enabled":true,"jetpack_likes_enabled":true,"amp_enabled":true,"_links":{"self":[{"href":"https:\/\/encuentroinformativo.com.mx\/index.php?rest_route=\/wp\/v2\/posts\/14427","targetHints":{"allow":["GET"]}}],"collection":[{"href":"https:\/\/encuentroinformativo.com.mx\/index.php?rest_route=\/wp\/v2\/posts"}],"about":[{"href":"https:\/\/encuentroinformativo.com.mx\/index.php?rest_route=\/wp\/v2\/types\/post"}],"author":[{"embeddable":true,"href":"https:\/\/encuentroinformativo.com.mx\/index.php?rest_route=\/wp\/v2\/users\/1"}],"replies":[{"embeddable":true,"href":"https:\/\/encuentroinformativo.com.mx\/index.php?rest_route=%2Fwp%2Fv2%2Fcomments&post=14427"}],"version-history":[{"count":1,"href":"https:\/\/encuentroinformativo.com.mx\/index.php?rest_route=\/wp\/v2\/posts\/14427\/revisions"}],"predecessor-version":[{"id":14429,"href":"https:\/\/encuentroinformativo.com.mx\/index.php?rest_route=\/wp\/v2\/posts\/14427\/revisions\/14429"}],"wp:featuredmedia":[{"embeddable":true,"href":"https:\/\/encuentroinformativo.com.mx\/index.php?rest_route=\/wp\/v2\/media\/14428"}],"wp:attachment":[{"href":"https:\/\/encuentroinformativo.com.mx\/index.php?rest_route=%2Fwp%2Fv2%2Fmedia&parent=14427"}],"wp:term":[{"taxonomy":"category","embeddable":true,"href":"https:\/\/encuentroinformativo.com.mx\/index.php?rest_route=%2Fwp%2Fv2%2Fcategories&post=14427"},{"taxonomy":"post_tag","embeddable":true,"href":"https:\/\/encuentroinformativo.com.mx\/index.php?rest_route=%2Fwp%2Fv2%2Ftags&post=14427"}],"curies":[{"name":"wp","href":"https:\/\/api.w.org\/{rel}","templated":true}]}}