{"id":14437,"date":"2021-05-24T16:11:27","date_gmt":"2021-05-24T21:11:27","guid":{"rendered":"https:\/\/encuentroinformativo.com.mx\/?p=14437"},"modified":"2021-05-24T16:11:31","modified_gmt":"2021-05-24T21:11:31","slug":"a-7-meses-reclaman-justicia-para-gustavo-murio-en-san-jose","status":"publish","type":"post","link":"https:\/\/encuentroinformativo.com.mx\/?p=14437","title":{"rendered":"A 7 meses, reclaman justicia para Gustavo; muri\u00f3 en San Jos\u00e9"},"content":{"rendered":"\n<p><strong>Dar\u00edo Pale <\/strong><\/p>\n\n\n\n<p>Xalapa, Ver.- A siete meses de que presuntamente fue asesinado en los separos del Cuartel del San Jos\u00e9, en esta capital, la Fiscal\u00eda General del Estado no ha resuelto el caso y no informa sobre los avances de la indagatoria, por lo cual familiares y amigos del joven Gustavo Ortiz Hern\u00e1ndez, se manifestaron para exigir justicia.<\/p>\n\n\n\n<p>Al entrevistarlos durante la protesta en la plaza Lerdo, su hermana Silvia, record\u00f3 que su hermano fue detenido el pasado 24 de octubre por conducir supuestamente a exceso de velocidad.<\/p>\n\n\n\n<p>&#8220;Lo golpearon hasta quitarle la vida, lo reventaron hasta morir, eso sali\u00f3 en la necropsia y hasta la fecha no han hecho nada. Hoy cumple siete meses mi hermano de haber fallecido, no se vale, es una vida. El iba hacia El Rosario a probar su carro, se di\u00f3 la vuelta en un lugar donde supuestamente no ten\u00eda que darla, lo pararon, lo empezaron a golpear, se lo llevaron a San Jos\u00e9 hasta que lo mataron&#8221;, se\u00f1al\u00f3.<\/p>\n\n\n\n<p>Dijo que parte de su manifestaci\u00f3n a siete meses del crimen es porque no han cesado este tipo de acciones por parte de los elementos de la Secretar\u00eda de Seguridad P\u00fablica.<\/p>\n\n\n\n<p>Por todo esto que no para y porque no hay avances en la investigaci\u00f3n de su hermano, solicit\u00f3 el apoyo del Gobernador.<\/p>\n\n\n\n<p>Por otra parte su madre July Hern\u00e1ndez D\u00edaz, afirm\u00f3 que a ella le dijeron que la detenci\u00f3n fue por conducir a exceso de velocidad.<\/p>\n\n\n\n<p>&#8220;Pido al Gobernador que me atienda porque fuimos trabajadores de Morena, en su campa\u00f1a, yo me ocup\u00e9 de andar dando el voto para que ahorita me vean como cualquier cosa, no se vale, somos trabajadores de Morena&#8221;, finaliz\u00f3.<\/p>\n","protected":false},"excerpt":{"rendered":"<p>Dar\u00edo Pale Xalapa, Ver.- A siete meses de que presuntamente fue asesinado en los separos del Cuartel del San Jos\u00e9, en esta capital, la Fiscal\u00eda General del Estado no ha resuelto el caso y no informa sobre los avances de la indagatoria, por lo cual familiares y amigos del joven Gustavo Ortiz Hern\u00e1ndez, se manifestaron [&hellip;]<\/p>\n","protected":false},"author":1,"featured_media":14438,"comment_status":"open","ping_status":"open","sticky":false,"template":"","format":"standard","meta":{"_jetpack_memberships_contains_paid_content":false,"footnotes":""},"categories":[3],"tags":[],"class_list":["post-14437","post","type-post","status-publish","format-standard","has-post-thumbnail","hentry","category-xalapa"],"jetpack_featured_media_url":"https:\/\/encuentroinformativo.com.mx\/wp-content\/uploads\/2021\/05\/5455A781-EE2E-467F-A953-7478FCCCB6E8.jpeg","jetpack_sharing_enabled":true,"jetpack_likes_enabled":true,"amp_enabled":true,"_links":{"self":[{"href":"https:\/\/encuentroinformativo.com.mx\/index.php?rest_route=\/wp\/v2\/posts\/14437","targetHints":{"allow":["GET"]}}],"collection":[{"href":"https:\/\/encuentroinformativo.com.mx\/index.php?rest_route=\/wp\/v2\/posts"}],"about":[{"href":"https:\/\/encuentroinformativo.com.mx\/index.php?rest_route=\/wp\/v2\/types\/post"}],"author":[{"embeddable":true,"href":"https:\/\/encuentroinformativo.com.mx\/index.php?rest_route=\/wp\/v2\/users\/1"}],"replies":[{"embeddable":true,"href":"https:\/\/encuentroinformativo.com.mx\/index.php?rest_route=%2Fwp%2Fv2%2Fcomments&post=14437"}],"version-history":[{"count":1,"href":"https:\/\/encuentroinformativo.com.mx\/index.php?rest_route=\/wp\/v2\/posts\/14437\/revisions"}],"predecessor-version":[{"id":14439,"href":"https:\/\/encuentroinformativo.com.mx\/index.php?rest_route=\/wp\/v2\/posts\/14437\/revisions\/14439"}],"wp:featuredmedia":[{"embeddable":true,"href":"https:\/\/encuentroinformativo.com.mx\/index.php?rest_route=\/wp\/v2\/media\/14438"}],"wp:attachment":[{"href":"https:\/\/encuentroinformativo.com.mx\/index.php?rest_route=%2Fwp%2Fv2%2Fmedia&parent=14437"}],"wp:term":[{"taxonomy":"category","embeddable":true,"href":"https:\/\/encuentroinformativo.com.mx\/index.php?rest_route=%2Fwp%2Fv2%2Fcategories&post=14437"},{"taxonomy":"post_tag","embeddable":true,"href":"https:\/\/encuentroinformativo.com.mx\/index.php?rest_route=%2Fwp%2Fv2%2Ftags&post=14437"}],"curies":[{"name":"wp","href":"https:\/\/api.w.org\/{rel}","templated":true}]}}