{"id":14445,"date":"2021-05-24T18:10:31","date_gmt":"2021-05-24T23:10:31","guid":{"rendered":"https:\/\/encuentroinformativo.com.mx\/?p=14445"},"modified":"2021-05-24T18:10:35","modified_gmt":"2021-05-24T23:10:35","slug":"primaria-retorno-a-clases-en-jalcomulco","status":"publish","type":"post","link":"https:\/\/encuentroinformativo.com.mx\/?p=14445","title":{"rendered":"Primaria retorn\u00f3 a clases en Jalcomulco"},"content":{"rendered":"\n<p><strong>Juan Arcos<\/strong> <\/p>\n\n\n\n<p>Xalapa, Ver.- Algunas escuelas de la zona centro del Estado de Veracruz regresaron a clases presenciales este lunes 24 de mayo, mediante estrictos protocolos sanitarios para evitar rebrotes del SARS-COV-2 (COVID-19) en los planteles.<\/p>\n\n\n\n<p>As\u00ed fue el caso de la primaria \u201c\u00darsulo Galv\u00e1n\u201d, ubicada en el municipio de Jalcomulco, a 41 kil\u00f3metros de Xalapa, la capital del estado, donde el 80 por ciento de la matr\u00edcula estudiantil retorn\u00f3 a las aulas.<\/p>\n\n\n\n<p>De acuerdo con el director del plantel, Jes\u00fas Manuel Salinas Fuentes, est\u00e1 siendo aplicado el Manual de Retorno Seguro a las Aulas, mismo que fue publicado por la Subsecretar\u00eda de Educaci\u00f3n B\u00e1sica.<\/p>\n\n\n\n<p>Acad\u00e9micos y directivos garantizaron que los alumnos ingresaran a las aulas en grupos de diez, cada dos horas, con cubrebocas y caretas, de manera obligatoria. Adem\u00e1s, supervisaron que la aplicaci\u00f3n de gel antibacterial fuera constante.<\/p>\n\n\n\n<p>Durante esta ma\u00f1ana se llevaron a cabo actividades acad\u00e9micas para el reforzamiento del aprendizaje, debido a las clases a distancia durante m\u00e1s de un a\u00f1o por la pandemia.<\/p>\n\n\n\n<p>El municipio de Jalcomulco se encuentra en sem\u00e1foro epidemiol\u00f3gico regional color verde, de bajo riesgo de contagio. Por ello, madres y padres de familia apoyaron la decisi\u00f3n de retornar a las aulas.<\/p>\n\n\n\n<p>En los salones de la mencionada escuela, existe una distancia de metro y medio entre los mesabancos, adem\u00e1s se observan botellas de gel antibacterial.<\/p>\n\n\n\n<p>Las autoridades acad\u00e9micas indicaron que cada semana ser\u00edan actualizadas las indicaciones y, dependiendo del sem\u00e1foro epidemiol\u00f3gico, se determinar\u00e1 si contin\u00faa el regreso a las aulas escalonado, en grupos de diez, o se ampl\u00eda el n\u00famero de estudiantes.<\/p>\n\n\n\n<p>Comentaron que se trata de un periodo de prueba en escuelas de la entidad, donde continuar\u00eda siendo voluntario el regreso a los espacios educativos de los 172 municipios veracruzanos que se encuentran en sem\u00e1foro verde.<\/p>\n\n\n\n<p>Cabe mencionar que en el puerto de Veracruz y Xalapa, la mayor\u00eda de las escuelas p\u00fablicas y privadas decidieron continuar con las clases a distancia.<\/p>\n\n\n\n<p>En ambos municipios las escuelas se encuentran cerradas, s\u00f3lo hay personal de guardia que vigila las instalaciones, de manera diaria, para evitar robos en los planteles.<\/p>\n\n\n\n<p>En la capital del estado, sobre todo en escuelas del nivel b\u00e1sico, se hab\u00eda informado que los estudiantes regresar\u00edan a las aulas hasta agosto, para el siguiente ciclo escolar.<\/p>\n\n\n\n<p>Cabe recordar que autoridades educativas anunciaron que este 24 de mayo se llevar\u00eda a cabo el regreso a clases presenciales, de manera escalonada, siempre y cuando, madres, padres de familia y profesores estuviesen de acuerdo.<\/p>\n\n\n\n<figure class=\"wp-block-image size-large\"><img loading=\"lazy\" decoding=\"async\" width=\"750\" height=\"493\" src=\"https:\/\/encuentroinformativo.com.mx\/wp-content\/uploads\/2021\/05\/2CF71EF5-7730-44F4-8F5E-2CBC7BC79675.jpeg\" alt=\"\" class=\"wp-image-14447\" srcset=\"https:\/\/encuentroinformativo.com.mx\/wp-content\/uploads\/2021\/05\/2CF71EF5-7730-44F4-8F5E-2CBC7BC79675.jpeg 750w, https:\/\/encuentroinformativo.com.mx\/wp-content\/uploads\/2021\/05\/2CF71EF5-7730-44F4-8F5E-2CBC7BC79675-300x197.jpeg 300w\" sizes=\"auto, (max-width: 750px) 100vw, 750px\" \/><\/figure>\n","protected":false},"excerpt":{"rendered":"<p>Juan Arcos Xalapa, Ver.- Algunas escuelas de la zona centro del Estado de Veracruz regresaron a clases presenciales este lunes 24 de mayo, mediante estrictos protocolos sanitarios para evitar rebrotes del SARS-COV-2 (COVID-19) en los planteles. As\u00ed fue el caso de la primaria \u201c\u00darsulo Galv\u00e1n\u201d, ubicada en el municipio de Jalcomulco, a 41 kil\u00f3metros de [&hellip;]<\/p>\n","protected":false},"author":1,"featured_media":14446,"comment_status":"open","ping_status":"open","sticky":false,"template":"","format":"standard","meta":{"_jetpack_memberships_contains_paid_content":false,"footnotes":""},"categories":[8],"tags":[],"class_list":["post-14445","post","type-post","status-publish","format-standard","has-post-thumbnail","hentry","category-region"],"jetpack_featured_media_url":"https:\/\/encuentroinformativo.com.mx\/wp-content\/uploads\/2021\/05\/15ED77B4-0D17-4622-A278-C8859D1E43A0.jpeg","jetpack_sharing_enabled":true,"jetpack_likes_enabled":true,"amp_enabled":true,"_links":{"self":[{"href":"https:\/\/encuentroinformativo.com.mx\/index.php?rest_route=\/wp\/v2\/posts\/14445","targetHints":{"allow":["GET"]}}],"collection":[{"href":"https:\/\/encuentroinformativo.com.mx\/index.php?rest_route=\/wp\/v2\/posts"}],"about":[{"href":"https:\/\/encuentroinformativo.com.mx\/index.php?rest_route=\/wp\/v2\/types\/post"}],"author":[{"embeddable":true,"href":"https:\/\/encuentroinformativo.com.mx\/index.php?rest_route=\/wp\/v2\/users\/1"}],"replies":[{"embeddable":true,"href":"https:\/\/encuentroinformativo.com.mx\/index.php?rest_route=%2Fwp%2Fv2%2Fcomments&post=14445"}],"version-history":[{"count":1,"href":"https:\/\/encuentroinformativo.com.mx\/index.php?rest_route=\/wp\/v2\/posts\/14445\/revisions"}],"predecessor-version":[{"id":14448,"href":"https:\/\/encuentroinformativo.com.mx\/index.php?rest_route=\/wp\/v2\/posts\/14445\/revisions\/14448"}],"wp:featuredmedia":[{"embeddable":true,"href":"https:\/\/encuentroinformativo.com.mx\/index.php?rest_route=\/wp\/v2\/media\/14446"}],"wp:attachment":[{"href":"https:\/\/encuentroinformativo.com.mx\/index.php?rest_route=%2Fwp%2Fv2%2Fmedia&parent=14445"}],"wp:term":[{"taxonomy":"category","embeddable":true,"href":"https:\/\/encuentroinformativo.com.mx\/index.php?rest_route=%2Fwp%2Fv2%2Fcategories&post=14445"},{"taxonomy":"post_tag","embeddable":true,"href":"https:\/\/encuentroinformativo.com.mx\/index.php?rest_route=%2Fwp%2Fv2%2Ftags&post=14445"}],"curies":[{"name":"wp","href":"https:\/\/api.w.org\/{rel}","templated":true}]}}