{"id":14451,"date":"2021-05-25T09:37:01","date_gmt":"2021-05-25T14:37:01","guid":{"rendered":"https:\/\/encuentroinformativo.com.mx\/?p=14451"},"modified":"2021-05-25T09:37:05","modified_gmt":"2021-05-25T14:37:05","slug":"hoy-vence-plazo-para-solicitar-reimpresion-de-credencial-del-ine","status":"publish","type":"post","link":"https:\/\/encuentroinformativo.com.mx\/?p=14451","title":{"rendered":"Hoy vence plazo para solicitar reimpresi\u00f3n de credencial del INE"},"content":{"rendered":"\n<p>Xalapa, Ver.- El Delegado del\u00a0Instituto\u00a0Nacional Electoral (INE) en el Estado de\u00a0Veracruz, Josu\u00e9 Cervantes Mart\u00ednez,\u00a0anunci\u00f3\u00a0que este 25 de mayo es el \u00faltimo d\u00eda para que las\u00a0veracruzanas y veracruzanos,\u00a0cuya\u00a0credencial para votar con fotograf\u00eda\u00a0se encuentre\u00a0extraviada\u00a0o\u00a0en\u00a0mal estado, tramiten una reimpresi\u00f3n y as\u00ed puedan sufragar\u00a0el pr\u00f3ximo domingo 6 de junio en las\u00a0elecciones m\u00e1s grandes de la historia.<\/p>\n\n\n\n<p>\u201cLa ciudadan\u00eda podr\u00e1 acudir a cualquier m\u00f3dulo de foto&nbsp;credencializaci\u00f3n en la entidad, con cita o sin ella y solicitar una reimpresi\u00f3n de su credencial para votar&nbsp;y podr\u00e1n recogerla&nbsp;hastados d\u00edas antes de la jornada electoral\u201d, dijo.<\/p>\n\n\n\n<p>Quienes\u00a0acudan\u00a0a los m\u00f3dulos a solicitar su reimpresi\u00f3n, reiter\u00f3 el funcionario,\u00a0deber\u00e1n\u00a0cumplir con el protocolo sanitario\u00a0de saludque incluye las siguientes medidas:<\/p>\n\n\n\n<p>\u00a0\u2022\u00a0Portar cubre bocas en todo momento,\u2022\u00a0Permitir la toma de temperatura,\u2022\u00a0Aplicaci\u00f3n de gel anti bacterial<br>\u2022\u00a0Acudir sin compa\u00f1\u00eda, a menos que se requiera asistencia y<\/p>\n\n\n\n<p>\u2022Respetar la sana distancia.<\/p>\n\n\n\n<p>Cervantes Mart\u00ednez,&nbsp;refiri\u00f3&nbsp;que con motivo de la declaratoria de emergencia sanitaria por la pandemia de COVID-19 el Consejo General del INE, aprob\u00f3 extender la vigencia de las credenciales 2019 y 2020,&nbsp;\u201crecordemos que la vigencia de estas credenciales se hab\u00eda establecido hasta el 1\u00ba de septiembre de 2020, sin embargo, el \u00d3rgano Superior de Direcci\u00f3n del INE decidi\u00f3 extender el plazo&nbsp;para dar oportunidad a que m\u00e1s ciudadanas y ciudadanos puedan participar en la jornada electoral\u201d.&nbsp;<\/p>\n\n\n\n<p>Para solicitar una reimpresi\u00f3n de la Credencial para Votar, las personas interesadas deber\u00e1n presentar los tres documentos b\u00e1sicos:1.&nbsp;Un documento de nacionalidad: Acta de nacimiento o carta de naturalizaci\u00f3n.&nbsp;2.&nbsp;Identificaci\u00f3n con fotograf\u00eda: Pasaporte, c\u00e9dula profesional, licencia de conducir, Cartilla del Servicio Militar Nacional, credenciales de identificaci\u00f3n laboral, entre otras.3.&nbsp;Comprobante de domicilio: recibos de pagos de impuestos y\/o servicios, estados de cuenta, contrato de arrendamiento reciente, copia certificada de escrituras.<\/p>\n\n\n\n<p>Por \u00faltimo,&nbsp;Cervantes Mart\u00ednez&nbsp;enfatiz\u00f3&nbsp;que la credencial&nbsp;que se tramita, no tiene cambios en los datos,&nbsp;puesto que es una reimpresi\u00f3n con la informaci\u00f3n&nbsp;ya existente de cada ciudadana o ciudadano.<\/p>\n","protected":false},"excerpt":{"rendered":"<p>Xalapa, Ver.- El Delegado del\u00a0Instituto\u00a0Nacional Electoral (INE) en el Estado de\u00a0Veracruz, Josu\u00e9 Cervantes Mart\u00ednez,\u00a0anunci\u00f3\u00a0que este 25 de mayo es el \u00faltimo d\u00eda para que las\u00a0veracruzanas y veracruzanos,\u00a0cuya\u00a0credencial para votar con fotograf\u00eda\u00a0se encuentre\u00a0extraviada\u00a0o\u00a0en\u00a0mal estado, tramiten una reimpresi\u00f3n y as\u00ed puedan sufragar\u00a0el pr\u00f3ximo domingo 6 de junio en las\u00a0elecciones m\u00e1s grandes de la historia. \u201cLa ciudadan\u00eda podr\u00e1 [&hellip;]<\/p>\n","protected":false},"author":1,"featured_media":14452,"comment_status":"open","ping_status":"open","sticky":false,"template":"","format":"standard","meta":{"_jetpack_memberships_contains_paid_content":false,"footnotes":""},"categories":[2],"tags":[],"class_list":["post-14451","post","type-post","status-publish","format-standard","has-post-thumbnail","hentry","category-estado"],"jetpack_featured_media_url":"https:\/\/encuentroinformativo.com.mx\/wp-content\/uploads\/2021\/05\/8014BBE1-1A58-41A8-87A4-6C0D7F832387.jpeg","jetpack_sharing_enabled":true,"jetpack_likes_enabled":true,"amp_enabled":true,"_links":{"self":[{"href":"https:\/\/encuentroinformativo.com.mx\/index.php?rest_route=\/wp\/v2\/posts\/14451","targetHints":{"allow":["GET"]}}],"collection":[{"href":"https:\/\/encuentroinformativo.com.mx\/index.php?rest_route=\/wp\/v2\/posts"}],"about":[{"href":"https:\/\/encuentroinformativo.com.mx\/index.php?rest_route=\/wp\/v2\/types\/post"}],"author":[{"embeddable":true,"href":"https:\/\/encuentroinformativo.com.mx\/index.php?rest_route=\/wp\/v2\/users\/1"}],"replies":[{"embeddable":true,"href":"https:\/\/encuentroinformativo.com.mx\/index.php?rest_route=%2Fwp%2Fv2%2Fcomments&post=14451"}],"version-history":[{"count":1,"href":"https:\/\/encuentroinformativo.com.mx\/index.php?rest_route=\/wp\/v2\/posts\/14451\/revisions"}],"predecessor-version":[{"id":14453,"href":"https:\/\/encuentroinformativo.com.mx\/index.php?rest_route=\/wp\/v2\/posts\/14451\/revisions\/14453"}],"wp:featuredmedia":[{"embeddable":true,"href":"https:\/\/encuentroinformativo.com.mx\/index.php?rest_route=\/wp\/v2\/media\/14452"}],"wp:attachment":[{"href":"https:\/\/encuentroinformativo.com.mx\/index.php?rest_route=%2Fwp%2Fv2%2Fmedia&parent=14451"}],"wp:term":[{"taxonomy":"category","embeddable":true,"href":"https:\/\/encuentroinformativo.com.mx\/index.php?rest_route=%2Fwp%2Fv2%2Fcategories&post=14451"},{"taxonomy":"post_tag","embeddable":true,"href":"https:\/\/encuentroinformativo.com.mx\/index.php?rest_route=%2Fwp%2Fv2%2Ftags&post=14451"}],"curies":[{"name":"wp","href":"https:\/\/api.w.org\/{rel}","templated":true}]}}