{"id":14454,"date":"2021-05-25T10:17:30","date_gmt":"2021-05-25T15:17:30","guid":{"rendered":"https:\/\/encuentroinformativo.com.mx\/?p=14454"},"modified":"2021-05-25T10:17:34","modified_gmt":"2021-05-25T15:17:34","slug":"abre-fge-carpeta-de-investigacion-contra-chiquiyunes","status":"publish","type":"post","link":"https:\/\/encuentroinformativo.com.mx\/?p=14454","title":{"rendered":"Abre FGE carpeta de investigaci\u00f3n contra \u201cChiquiYunes\u201d"},"content":{"rendered":"\n<p><strong>Alejandro \u00c1vila<\/strong><\/p>\n\n\n\n<p>Veracruz, Ver. \u2013 Para este martes 25 de mayo a las 11 de la ma\u00f1ana, la Fiscal\u00eda General del Estado, cit\u00f3 a Miguel \u00c1ngel Yunes M\u00e1rquez a declarar en car\u00e1cter de imputado, el ex candidato a la alcald\u00eda de Veracruz por la alianza \u201cVeracruz Va\u201d, tendr\u00eda que presentarse en las instalaciones de la FGE en Xalapa, ubicadas en la calle Gu\u00edzar y Valencia a la hora mencionada.<\/p>\n\n\n\n<p>En oficio emitido, se se\u00f1ala que se le abri\u00f3 la carpeta de investigaci\u00f3n FGE\/FIM\/08\/2021, donde adem\u00e1s se aclara que en caso de no presentarse se solicitar\u00e1 el uso de la fuerza p\u00fablica para hacerlo presentarse en el lugar, con posible arresto de 24 a 48 horas.<\/p>\n\n\n\n<p>El documento aclara que es \u201cnecesario\u201d entrevistar al Miguel \u00c1ngel Yunes M\u00e1rquez, toda vez que tiene el car\u00e1cter de imputado; aunque el mismo documento da a entender que la misma FGE se salt\u00f3 dos instancias previas, toda vez que primero debi\u00f3 amonestarle en caso de no presentarse, y despu\u00e9s interponer una multa en caso de reincidir; aunque aqu\u00ed se\u00f1ala que pasar\u00eda a la tercera opci\u00f3n, que es buscarlo a trav\u00e9s de la fuerza p\u00fablica.<\/p>\n\n\n\n<p>\u201cEn caso de NO COMPARECER, ante esta autoridad se le impondr\u00e1n las medidas de apremio consistentes en &#8220;AUXILIO DE LA FUERZA P\u00daBLICA&#8221; (uso de la fuerza p\u00fablica), establecido en el Art\u00edculo 104 del C\u00f3digo Nacional de Procedimientos Penales, que a la letra dice: ART\u00cdCULO 104. &#8211; Imposici\u00f3n de medios de apremio el \u00f3rgano jurisdiccional y el ministerio p\u00fablico podr\u00e1n disponer de los siguientes medios de apremio para el cumplimiento de los actos que ordenen en el ejercicio de sus funciones.<\/p>\n\n\n\n<p>Se le advierte que el Ministerio P\u00fablico contar\u00e1 con los siguientes medios de apremio: A) Amonestaci\u00f3n; B) Multa de veinte a mil d\u00edas de salario m\u00ednimo vigente en el momento y lugar en que se cometa la falta que amerite una medida de apremio. Trat\u00e1ndose de jornaleros, obreros y trabajadores que perciban salario m\u00ednimo, la multa no deber\u00e1 exceder de un d\u00eda de salario y trat\u00e1ndose de trabajadores no asalariados de un d\u00eda de su ingreso; C) AUXILIO DE LA FUERZA P\u00daBLICA; o D) ARRESTO HASTA POR TREINTA Y SEIS HORAS; para lo cual librar\u00e1 el oficio a la autoridad correspondiente para efectuar el cobro de dicho apercibimiento en t\u00e9rminos de ley.<\/p>\n\n\n\n<p>Hasta el momento, ni Miguel \u00c1ngel Yunes M\u00e1rquez, se ha pronunciado al respecto en redes sociales o su equipo de campa\u00f1a ha anunciado si siquiera cumplir\u00e1 con el requerimiento, o tomar\u00e1 alguna medida alterna.<\/p>\n","protected":false},"excerpt":{"rendered":"<p>Alejandro \u00c1vila Veracruz, Ver. \u2013 Para este martes 25 de mayo a las 11 de la ma\u00f1ana, la Fiscal\u00eda General del Estado, cit\u00f3 a Miguel \u00c1ngel Yunes M\u00e1rquez a declarar en car\u00e1cter de imputado, el ex candidato a la alcald\u00eda de Veracruz por la alianza \u201cVeracruz Va\u201d, tendr\u00eda que presentarse en las instalaciones de la [&hellip;]<\/p>\n","protected":false},"author":1,"featured_media":14455,"comment_status":"open","ping_status":"open","sticky":false,"template":"","format":"standard","meta":{"_jetpack_memberships_contains_paid_content":false,"footnotes":""},"categories":[2],"tags":[],"class_list":["post-14454","post","type-post","status-publish","format-standard","has-post-thumbnail","hentry","category-estado"],"jetpack_featured_media_url":"https:\/\/encuentroinformativo.com.mx\/wp-content\/uploads\/2021\/05\/F8799D94-F58A-42A2-B117-3D78F8256A6F.jpeg","jetpack_sharing_enabled":true,"jetpack_likes_enabled":true,"amp_enabled":true,"_links":{"self":[{"href":"https:\/\/encuentroinformativo.com.mx\/index.php?rest_route=\/wp\/v2\/posts\/14454","targetHints":{"allow":["GET"]}}],"collection":[{"href":"https:\/\/encuentroinformativo.com.mx\/index.php?rest_route=\/wp\/v2\/posts"}],"about":[{"href":"https:\/\/encuentroinformativo.com.mx\/index.php?rest_route=\/wp\/v2\/types\/post"}],"author":[{"embeddable":true,"href":"https:\/\/encuentroinformativo.com.mx\/index.php?rest_route=\/wp\/v2\/users\/1"}],"replies":[{"embeddable":true,"href":"https:\/\/encuentroinformativo.com.mx\/index.php?rest_route=%2Fwp%2Fv2%2Fcomments&post=14454"}],"version-history":[{"count":1,"href":"https:\/\/encuentroinformativo.com.mx\/index.php?rest_route=\/wp\/v2\/posts\/14454\/revisions"}],"predecessor-version":[{"id":14456,"href":"https:\/\/encuentroinformativo.com.mx\/index.php?rest_route=\/wp\/v2\/posts\/14454\/revisions\/14456"}],"wp:featuredmedia":[{"embeddable":true,"href":"https:\/\/encuentroinformativo.com.mx\/index.php?rest_route=\/wp\/v2\/media\/14455"}],"wp:attachment":[{"href":"https:\/\/encuentroinformativo.com.mx\/index.php?rest_route=%2Fwp%2Fv2%2Fmedia&parent=14454"}],"wp:term":[{"taxonomy":"category","embeddable":true,"href":"https:\/\/encuentroinformativo.com.mx\/index.php?rest_route=%2Fwp%2Fv2%2Fcategories&post=14454"},{"taxonomy":"post_tag","embeddable":true,"href":"https:\/\/encuentroinformativo.com.mx\/index.php?rest_route=%2Fwp%2Fv2%2Ftags&post=14454"}],"curies":[{"name":"wp","href":"https:\/\/api.w.org\/{rel}","templated":true}]}}