{"id":14467,"date":"2021-05-25T12:20:11","date_gmt":"2021-05-25T17:20:11","guid":{"rendered":"https:\/\/encuentroinformativo.com.mx\/?p=14467"},"modified":"2021-05-25T12:20:15","modified_gmt":"2021-05-25T17:20:15","slug":"repuntan-servicios-funerarios-por-decesos-de-covid","status":"publish","type":"post","link":"https:\/\/encuentroinformativo.com.mx\/?p=14467","title":{"rendered":"Repuntan servicios funerarios por decesos de Covid"},"content":{"rendered":"\n<p><strong>Alejandro \u00c1vila<\/strong><\/p>\n\n\n\n<p>Boca del R\u00edo, Ver. \u2013 La directora funeraria, Jacqueline Rivera, asegur\u00f3 que durante la ultima semana se increment\u00f3 en un 10 por ciento los servicios que prestan en cuanto a decesos por COVID-19.<\/p>\n\n\n\n<p>Reconoci\u00f3 que semanas antes el decrement\u00f3 fue de un 60 por ciento, y aunque ahora se est\u00e1 viendo que la semaforizaci\u00f3n en la zona conurbada est\u00e1 en amarillo, pide a la poblaci\u00f3n no confiarse.<\/p>\n\n\n\n<p>En ese sentido, consider\u00f3 que, con el inicio de la vacunaci\u00f3n, la gente se ha ido relajando en las medidas preventivas y expuso que eso es lo peor que puede suceder, pues se ponen a\u00fan m\u00e1s en riesgo.<\/p>\n\n\n\n<p>En cuanto a los funerales, mencion\u00f3 que los protocolos se mantienen que desde el inicio de la pandemia y el aforo permitido en las salas sigue siendo \u00fanicamente del 50 por ciento.<\/p>\n\n\n\n<p>En cuanto a si el personal funerario ha sido vacunado, dijo que pese a existir una solicitud formal por parte de la Asociaci\u00f3n las autoridades no han tenido una respuesta positiva sobre el tema.<\/p>\n\n\n\n<p>&#8220;En todo el pa\u00eds son como seis mil personas, no due\u00f1os, sino colaboradores&#8221;.<\/p>\n\n\n\n<p>Precis\u00f3 que la Asociaci\u00f3n de Directores Funerarios est\u00e1 conformada por 120 empresarios de los que el 10 por ciento ha perdido la vida a causa del virus.<\/p>\n","protected":false},"excerpt":{"rendered":"<p>Alejandro \u00c1vila Boca del R\u00edo, Ver. \u2013 La directora funeraria, Jacqueline Rivera, asegur\u00f3 que durante la ultima semana se increment\u00f3 en un 10 por ciento los servicios que prestan en cuanto a decesos por COVID-19. Reconoci\u00f3 que semanas antes el decrement\u00f3 fue de un 60 por ciento, y aunque ahora se est\u00e1 viendo que la [&hellip;]<\/p>\n","protected":false},"author":1,"featured_media":14468,"comment_status":"open","ping_status":"open","sticky":false,"template":"","format":"standard","meta":{"_jetpack_memberships_contains_paid_content":false,"footnotes":""},"categories":[2],"tags":[],"class_list":["post-14467","post","type-post","status-publish","format-standard","has-post-thumbnail","hentry","category-estado"],"jetpack_featured_media_url":"https:\/\/encuentroinformativo.com.mx\/wp-content\/uploads\/2021\/05\/6C1700F6-DEB9-4613-BB92-0546E39A2554.jpeg","jetpack_sharing_enabled":true,"jetpack_likes_enabled":true,"amp_enabled":true,"_links":{"self":[{"href":"https:\/\/encuentroinformativo.com.mx\/index.php?rest_route=\/wp\/v2\/posts\/14467","targetHints":{"allow":["GET"]}}],"collection":[{"href":"https:\/\/encuentroinformativo.com.mx\/index.php?rest_route=\/wp\/v2\/posts"}],"about":[{"href":"https:\/\/encuentroinformativo.com.mx\/index.php?rest_route=\/wp\/v2\/types\/post"}],"author":[{"embeddable":true,"href":"https:\/\/encuentroinformativo.com.mx\/index.php?rest_route=\/wp\/v2\/users\/1"}],"replies":[{"embeddable":true,"href":"https:\/\/encuentroinformativo.com.mx\/index.php?rest_route=%2Fwp%2Fv2%2Fcomments&post=14467"}],"version-history":[{"count":1,"href":"https:\/\/encuentroinformativo.com.mx\/index.php?rest_route=\/wp\/v2\/posts\/14467\/revisions"}],"predecessor-version":[{"id":14469,"href":"https:\/\/encuentroinformativo.com.mx\/index.php?rest_route=\/wp\/v2\/posts\/14467\/revisions\/14469"}],"wp:featuredmedia":[{"embeddable":true,"href":"https:\/\/encuentroinformativo.com.mx\/index.php?rest_route=\/wp\/v2\/media\/14468"}],"wp:attachment":[{"href":"https:\/\/encuentroinformativo.com.mx\/index.php?rest_route=%2Fwp%2Fv2%2Fmedia&parent=14467"}],"wp:term":[{"taxonomy":"category","embeddable":true,"href":"https:\/\/encuentroinformativo.com.mx\/index.php?rest_route=%2Fwp%2Fv2%2Fcategories&post=14467"},{"taxonomy":"post_tag","embeddable":true,"href":"https:\/\/encuentroinformativo.com.mx\/index.php?rest_route=%2Fwp%2Fv2%2Ftags&post=14467"}],"curies":[{"name":"wp","href":"https:\/\/api.w.org\/{rel}","templated":true}]}}