{"id":14477,"date":"2021-05-25T14:06:51","date_gmt":"2021-05-25T19:06:51","guid":{"rendered":"https:\/\/encuentroinformativo.com.mx\/?p=14477"},"modified":"2021-05-25T14:06:54","modified_gmt":"2021-05-25T19:06:54","slug":"se-vuelven-a-manifestar-por-caso-nanchital-no-quieren-intermediarios","status":"publish","type":"post","link":"https:\/\/encuentroinformativo.com.mx\/?p=14477","title":{"rendered":"Se vuelven a manifestar por caso Nanchital; no quieren intermediarios"},"content":{"rendered":"\n<p><strong>Dar\u00edo Pale<\/strong><\/p>\n\n\n\n<p>Xalapa, Ver.- De nueva cuenta los familiares de los 11 detenidos en la localidad Cerro de Nanchital pidieron que el gobernador Cuitl\u00e1huac Garc\u00eda Jim\u00e9nez intervenga para que se aclare el caso, ya que no quieren intermediarios.<\/p>\n\n\n\n<p>Entrevistado durante la manifestaci\u00f3n el abogado Salvador Garc\u00eda se\u00f1al\u00f3 que &#8220;lo que queremos es que el Gobernador de manera directa nos atienda. No queremos que a trav\u00e9s de intermediarios seamos escuchados&#8221;.<\/p>\n\n\n\n<p>Por lo anterior se manifestaron nuevamente en la Plaza Sebasti\u00e1n Lerdo de Tejada y posteriormente hicieron guardia afuera de la cochera del Palacio de Gobierno, para esperar a que saliera el mandatario.<\/p>\n\n\n\n<p>Este lunes, cuando se manifestaron por primera vez en esta capital fueron atendidos por la Directora y Subdirectora de Pol\u00edtica Regional, quienes supuestamente les argumentaron que el Gobernador no podr\u00eda atenderlos por las restricciones de la pandemia, pues est\u00e1n suspendidas las audiencias, &#8220;queremos una pl\u00e1tica directa con \u00e9l, no con intermediarios&#8221; insisti\u00f3.<\/p>\n\n\n\n<p>El abogado se\u00f1alo que si bien, conocen la carpeta de investigaci\u00f3n donde se les imputa el delito de ultrajes a la autoridad, no hay avances en el proceso penal, por lo que contin\u00faan detenidos sin posiblidad de ser defendidos.<\/p>\n\n\n\n<p>&#8220;La Fiscal\u00eda no nos ha notificado la acusaci\u00f3n \u00a0pese a que ya se vencieron los plazos desde finales de marzo. Est\u00e1n entorpeciendo el procedimiento&#8221;, acus\u00f3.<\/p>\n\n\n\n<p>Todo ello entorpece el proceso legal, por lo que insisten: &#8220;Queremos hablar con \u00e9l porque es el representante legal del Estado. Queremos que nos escuche y soluciones&#8221;.<\/p>\n\n\n\n<p>Finalmente cabe recordar que los detenidos est\u00e1 relacionados con el delito de homicidio, por lo cual ya habr\u00eda \u00f3rdenes de aprehensi\u00f3n.<\/p>\n","protected":false},"excerpt":{"rendered":"<p>Dar\u00edo Pale Xalapa, Ver.- De nueva cuenta los familiares de los 11 detenidos en la localidad Cerro de Nanchital pidieron que el gobernador Cuitl\u00e1huac Garc\u00eda Jim\u00e9nez intervenga para que se aclare el caso, ya que no quieren intermediarios. Entrevistado durante la manifestaci\u00f3n el abogado Salvador Garc\u00eda se\u00f1al\u00f3 que &#8220;lo que queremos es que el Gobernador [&hellip;]<\/p>\n","protected":false},"author":1,"featured_media":14478,"comment_status":"open","ping_status":"open","sticky":false,"template":"","format":"standard","meta":{"_jetpack_memberships_contains_paid_content":false,"footnotes":""},"categories":[2],"tags":[],"class_list":["post-14477","post","type-post","status-publish","format-standard","has-post-thumbnail","hentry","category-estado"],"jetpack_featured_media_url":"https:\/\/encuentroinformativo.com.mx\/wp-content\/uploads\/2021\/05\/6DDA2AE4-E377-4C41-9B1D-70635956B697.jpeg","jetpack_sharing_enabled":true,"jetpack_likes_enabled":true,"amp_enabled":true,"_links":{"self":[{"href":"https:\/\/encuentroinformativo.com.mx\/index.php?rest_route=\/wp\/v2\/posts\/14477","targetHints":{"allow":["GET"]}}],"collection":[{"href":"https:\/\/encuentroinformativo.com.mx\/index.php?rest_route=\/wp\/v2\/posts"}],"about":[{"href":"https:\/\/encuentroinformativo.com.mx\/index.php?rest_route=\/wp\/v2\/types\/post"}],"author":[{"embeddable":true,"href":"https:\/\/encuentroinformativo.com.mx\/index.php?rest_route=\/wp\/v2\/users\/1"}],"replies":[{"embeddable":true,"href":"https:\/\/encuentroinformativo.com.mx\/index.php?rest_route=%2Fwp%2Fv2%2Fcomments&post=14477"}],"version-history":[{"count":1,"href":"https:\/\/encuentroinformativo.com.mx\/index.php?rest_route=\/wp\/v2\/posts\/14477\/revisions"}],"predecessor-version":[{"id":14479,"href":"https:\/\/encuentroinformativo.com.mx\/index.php?rest_route=\/wp\/v2\/posts\/14477\/revisions\/14479"}],"wp:featuredmedia":[{"embeddable":true,"href":"https:\/\/encuentroinformativo.com.mx\/index.php?rest_route=\/wp\/v2\/media\/14478"}],"wp:attachment":[{"href":"https:\/\/encuentroinformativo.com.mx\/index.php?rest_route=%2Fwp%2Fv2%2Fmedia&parent=14477"}],"wp:term":[{"taxonomy":"category","embeddable":true,"href":"https:\/\/encuentroinformativo.com.mx\/index.php?rest_route=%2Fwp%2Fv2%2Fcategories&post=14477"},{"taxonomy":"post_tag","embeddable":true,"href":"https:\/\/encuentroinformativo.com.mx\/index.php?rest_route=%2Fwp%2Fv2%2Ftags&post=14477"}],"curies":[{"name":"wp","href":"https:\/\/api.w.org\/{rel}","templated":true}]}}