{"id":14483,"date":"2021-05-25T15:39:43","date_gmt":"2021-05-25T20:39:43","guid":{"rendered":"https:\/\/encuentroinformativo.com.mx\/?p=14483"},"modified":"2021-05-25T15:39:48","modified_gmt":"2021-05-25T20:39:48","slug":"crecen-denuncias-contra-yunes-marquez-reyes-peralta","status":"publish","type":"post","link":"https:\/\/encuentroinformativo.com.mx\/?p=14483","title":{"rendered":"Crecen denuncias contra Yunes M\u00e1rquez: Reyes Peralta"},"content":{"rendered":"\n<p><strong>Dar\u00edo Pale <\/strong><\/p>\n\n\n\n<p>Xalapa, Ver.- El abogado Jorge Reyes Peralta confirm\u00f3 que el panista recibi\u00f3 un citatorio en su domicilio de Alvarado para acudir este d\u00eda ante el fiscal D\u00e9cimo Segundo, pero el ex candidato a la presidencia municipal de Veracruz, Miguel \u00c1ngel Yunes M\u00e1rquez no acudi\u00f3 a comparecer este martes ante la Fiscal\u00eda General del Estado (FGE), porque desprecia a la Ley y a la autoridad.<\/p>\n\n\n\n<p>Entrevistado a su arribo a la FGE el abogado se\u00f1alo que Yunes M\u00e1rquez no compareci\u00f3 por el desprecio que le tiene a la autoridad y a la Ley, &#8220;no compareci\u00f3 por el desprecio que le tiene a la autoridad y a la Ley, como as\u00ed lo ha demostrado&#8221;.<\/p>\n\n\n\n<p>Dio a conocer que se han acumulado m\u00e1s denuncias contra el ex abanderado de la coalici\u00f3n Veracruz Va, por lo que cabe recordar que en el caso donde presuntamente funcionarios municipales y jefes de manzana de Veracruz asentaron distintos domicilios para que Miguel \u00c1ngel Yunes M\u00e1rquez se registrara como candidato a la alcald\u00eda de Veracruz.<\/p>\n\n\n\n<p>Se se\u00f1alan e investigan los presuntos delitos de abuso de autoridad, coalici\u00f3n, tr\u00e1fico de influencias, falsificaci\u00f3n de documentos y falsificaci\u00f3n de t\u00edtulos contra la fe p\u00fablica.<\/p>\n\n\n\n<p>&#8220;Venimos a revisar la carpeta de investigaci\u00f3n y a aportar nuestros elementos probatorios&#8221;, se\u00f1al\u00f3.<\/p>\n\n\n\n<p>Reyes Peralta insisti\u00f3 en que la Fiscal\u00eda debe llevar el caso ante un juez de control, adem\u00e1s de que no tan solo la denuncia que lleva su cliente, si no que hay otras dos denuncias o tres que han presentado militantes del propio partido de Miguel \u00c1ngel Yunes M\u00e1rquez pero todo es materia penal, en cuanto a lo electoral es otro tema distinto.<\/p>\n\n\n\n<p>En cuanto a que s\u00ed puede ser detenido coment\u00f3 &#8220;eso es decisi\u00f3n del juez pero yo siento que lo debe de llamar en libertad y que el entre a la audiencia, verdad y que conf\u00ede plenamente en la justicia y en las medidas cautelares las impone el juez, \u00a0el juez con los elementos que tenga y lo que solicitemos las partes&#8221;.<\/p>\n\n\n\n<p>Finalmente en el caso del alcalde de Veracruz, Fernando Yunes M\u00e1rquez, dijo que a\u00fan est\u00e1 valorando con su cliente, candidata a regidora por MORENA, si presenta la solicitud de juicio de procedencia, que es el desafuero ante el Congreso del Estado.<\/p>\n","protected":false},"excerpt":{"rendered":"<p>Dar\u00edo Pale Xalapa, Ver.- El abogado Jorge Reyes Peralta confirm\u00f3 que el panista recibi\u00f3 un citatorio en su domicilio de Alvarado para acudir este d\u00eda ante el fiscal D\u00e9cimo Segundo, pero el ex candidato a la presidencia municipal de Veracruz, Miguel \u00c1ngel Yunes M\u00e1rquez no acudi\u00f3 a comparecer este martes ante la Fiscal\u00eda General del [&hellip;]<\/p>\n","protected":false},"author":1,"featured_media":14484,"comment_status":"open","ping_status":"open","sticky":false,"template":"","format":"standard","meta":{"_jetpack_memberships_contains_paid_content":false,"footnotes":""},"categories":[2],"tags":[],"class_list":["post-14483","post","type-post","status-publish","format-standard","has-post-thumbnail","hentry","category-estado"],"jetpack_featured_media_url":"https:\/\/encuentroinformativo.com.mx\/wp-content\/uploads\/2021\/05\/BBBD0C86-51F3-4B69-8008-327635F612AE.jpeg","jetpack_sharing_enabled":true,"jetpack_likes_enabled":true,"amp_enabled":true,"_links":{"self":[{"href":"https:\/\/encuentroinformativo.com.mx\/index.php?rest_route=\/wp\/v2\/posts\/14483","targetHints":{"allow":["GET"]}}],"collection":[{"href":"https:\/\/encuentroinformativo.com.mx\/index.php?rest_route=\/wp\/v2\/posts"}],"about":[{"href":"https:\/\/encuentroinformativo.com.mx\/index.php?rest_route=\/wp\/v2\/types\/post"}],"author":[{"embeddable":true,"href":"https:\/\/encuentroinformativo.com.mx\/index.php?rest_route=\/wp\/v2\/users\/1"}],"replies":[{"embeddable":true,"href":"https:\/\/encuentroinformativo.com.mx\/index.php?rest_route=%2Fwp%2Fv2%2Fcomments&post=14483"}],"version-history":[{"count":1,"href":"https:\/\/encuentroinformativo.com.mx\/index.php?rest_route=\/wp\/v2\/posts\/14483\/revisions"}],"predecessor-version":[{"id":14485,"href":"https:\/\/encuentroinformativo.com.mx\/index.php?rest_route=\/wp\/v2\/posts\/14483\/revisions\/14485"}],"wp:featuredmedia":[{"embeddable":true,"href":"https:\/\/encuentroinformativo.com.mx\/index.php?rest_route=\/wp\/v2\/media\/14484"}],"wp:attachment":[{"href":"https:\/\/encuentroinformativo.com.mx\/index.php?rest_route=%2Fwp%2Fv2%2Fmedia&parent=14483"}],"wp:term":[{"taxonomy":"category","embeddable":true,"href":"https:\/\/encuentroinformativo.com.mx\/index.php?rest_route=%2Fwp%2Fv2%2Fcategories&post=14483"},{"taxonomy":"post_tag","embeddable":true,"href":"https:\/\/encuentroinformativo.com.mx\/index.php?rest_route=%2Fwp%2Fv2%2Ftags&post=14483"}],"curies":[{"name":"wp","href":"https:\/\/api.w.org\/{rel}","templated":true}]}}