{"id":14495,"date":"2021-05-26T09:41:40","date_gmt":"2021-05-26T14:41:40","guid":{"rendered":"https:\/\/encuentroinformativo.com.mx\/?p=14495"},"modified":"2021-05-26T09:41:44","modified_gmt":"2021-05-26T14:41:44","slug":"sistema-vs-familia","status":"publish","type":"post","link":"https:\/\/encuentroinformativo.com.mx\/?p=14495","title":{"rendered":"Sistema vs familia"},"content":{"rendered":"\n<p><strong>Los Pol\u00edticos<\/strong><\/p>\n\n\n\n<p><strong>Salvador Mu\u00f1oz<\/strong><\/p>\n\n\n\n<p>No es la primera vez que ocurre\u2026 tampoco debe extra\u00f1ar que el rigor en esta temporada de elecciones, sea m\u00e1s severo\u2026 de cierto modo, si a uno no le sorprende, cuantimenos a ellos: Todo el Poder del Sistema sobre una familia\u2026 los Yunes.<\/p>\n\n\n\n<p>\u00a1Ojo! Hablamos de los Yunes porte\u00f1os, el del chole\u00f1o, o como les dec\u00edan, los del Estero, o tambi\u00e9n los azules, cuando ingresaron a las filas del panismo.<\/p>\n\n\n\n<p>Hablar del \u201cTodo el Poder del Sistema\u201d va desde la Fiscal\u00eda, el Congreso, tribunales, y si se puede, hasta con ayuda federal.<\/p>\n\n\n\n<p>Si bien podemos decir que son tres los que representan a la familia Yunes (el padre, Miguel \u00c1ngel, as\u00ed como Chuiquiyunes y Chiquinando), pues haga de cuenta que es toda una tropa\u2026 un batall\u00f3n\u2026 un ej\u00e9rcito\u2026<\/p>\n\n\n\n<p>La persecuci\u00f3n generada en tiempos del fidelato y comprada por el duartismo y hoy tomada en estafeta por el morenismo, ha generado no s\u00f3lo en la entidad, sino en todo el pa\u00eds, un mito alrededor de los Yunes al grado que si hay un apellido que pese en el escenario externo a nuestro localismo enriquecedor, es Yunes. \u00bfQu\u00e9 no hay otros? Imaginen: \u00a1Hubo un momento en nuestra vida pol\u00edtica local como nacional que tuvimos tres senadores Yunes! Dos, parientes (del tema que nos ocupa) y el perote\u00f1o.<\/p>\n\n\n\n<p>\u00bfC\u00f3mo diablos una familia es capaz de poner en jaque a un Sistema, a un Gobierno, a varios poderes?<\/p>\n\n\n\n<p>Algo han de saber hacer para sacar de sus casillas a tres gobiernos, dos del PRI y uno de Morena.<\/p>\n\n\n\n<p>Y en ese \u201csaber hacer\u201d va la estrategia pol\u00edtica. Los Yunes no dan paso sin huarache y menos sin generar escenarios y prospectivas. Y lo que est\u00e9 fuera de su contexto, volvemos a lo mismo, saben aplicar el Rope-a-dope a la perfecci\u00f3n\u2026 es decir, saben lo que es pelear contra las cuerdas, as\u00ed, con ese estilo que caracteriz\u00f3 a Muhammad Al\u00ed.<\/p>\n\n\n\n<p>En el OPLE, los representantes de Morena como el diputado Sergio Guti\u00e9rrez, acusan que se rebas\u00f3 el gasto de campa\u00f1a con la marcha del domingo donde fue invitado el ex candidato Miguel \u00c1ngel Yunes M\u00e1rquez.<\/p>\n\n\n\n<p>S\u00ed, parece que este escenario no fue considerado por los contrincantes de Yunes M\u00e1rquez, que si se organiza una marcha y lo invitan a participar, \u00e9l lo puede hacer como un simple ciudadano, ya no como candidato\u2026 igual ocurrir\u00eda si en Xalapa hacen una marcha en defensa de la Libertad y la Democracia\u2026 Yunes M\u00e1rquez podr\u00eda ir en calidad de convidado\u2026<\/p>\n\n\n\n<p>Por supuesto, los Yunes saben que en el juego de la pol\u00edtica se gana y se pierde. Saben lo que implica una derrota. No nada m\u00e1s con Morena, igual la han sufrido con el PRI\u2026 pero tambi\u00e9n aprenden de ellas, al grado de que ya saben lo que es ser Gobierno\u2026<\/p>\n\n\n\n<p>Se entiende que en un municipio, se declare la guerra encarnizada contra el candidato m\u00e1s fuerte, como hoy lo hacen contra Juan Manuel Diez Francos en Orizaba, o contra Juan Yona, en Hueyapan de Ocampo; o el mismo Ricardo Ahued en Xalapa\u2026 pero son guerritas localistas\u2026 el caso de Yunes rebasa por mucho la guerra electoral, lo personal, cuando todo un sistema en el poder concentra todas sus bater\u00edas, no sobre un partido, sino contra una familia, contra tres de sus integrantes, en aras de que no lleguen al poder, as\u00ed, con el mismo \u00e9nfasis que el fidelato le puso\u2026 con el mismo \u00e9nfasis que el duartismo le imprimi\u00f3\u2026 as\u00ed, con las mismas ganas que hoy el morenismo le mete.<\/p>\n\n\n\n<p><a href=\"mailto:smcainito@gmail.com\" target=\"_blank\" rel=\"noreferrer noopener\">smcainito@gmail.com<\/a><\/p>\n","protected":false},"excerpt":{"rendered":"<p>Los Pol\u00edticos Salvador Mu\u00f1oz No es la primera vez que ocurre\u2026 tampoco debe extra\u00f1ar que el rigor en esta temporada de elecciones, sea m\u00e1s severo\u2026 de cierto modo, si a uno no le sorprende, cuantimenos a ellos: Todo el Poder del Sistema sobre una familia\u2026 los Yunes. \u00a1Ojo! Hablamos de los Yunes porte\u00f1os, el del [&hellip;]<\/p>\n","protected":false},"author":1,"featured_media":70,"comment_status":"open","ping_status":"open","sticky":false,"template":"","format":"standard","meta":{"_jetpack_memberships_contains_paid_content":false,"footnotes":""},"categories":[11],"tags":[],"class_list":["post-14495","post","type-post","status-publish","format-standard","has-post-thumbnail","hentry","category-opinion"],"jetpack_featured_media_url":"https:\/\/encuentroinformativo.com.mx\/wp-content\/uploads\/2020\/02\/opinion-invitado.jpg","jetpack_sharing_enabled":true,"jetpack_likes_enabled":true,"amp_enabled":true,"_links":{"self":[{"href":"https:\/\/encuentroinformativo.com.mx\/index.php?rest_route=\/wp\/v2\/posts\/14495","targetHints":{"allow":["GET"]}}],"collection":[{"href":"https:\/\/encuentroinformativo.com.mx\/index.php?rest_route=\/wp\/v2\/posts"}],"about":[{"href":"https:\/\/encuentroinformativo.com.mx\/index.php?rest_route=\/wp\/v2\/types\/post"}],"author":[{"embeddable":true,"href":"https:\/\/encuentroinformativo.com.mx\/index.php?rest_route=\/wp\/v2\/users\/1"}],"replies":[{"embeddable":true,"href":"https:\/\/encuentroinformativo.com.mx\/index.php?rest_route=%2Fwp%2Fv2%2Fcomments&post=14495"}],"version-history":[{"count":1,"href":"https:\/\/encuentroinformativo.com.mx\/index.php?rest_route=\/wp\/v2\/posts\/14495\/revisions"}],"predecessor-version":[{"id":14496,"href":"https:\/\/encuentroinformativo.com.mx\/index.php?rest_route=\/wp\/v2\/posts\/14495\/revisions\/14496"}],"wp:featuredmedia":[{"embeddable":true,"href":"https:\/\/encuentroinformativo.com.mx\/index.php?rest_route=\/wp\/v2\/media\/70"}],"wp:attachment":[{"href":"https:\/\/encuentroinformativo.com.mx\/index.php?rest_route=%2Fwp%2Fv2%2Fmedia&parent=14495"}],"wp:term":[{"taxonomy":"category","embeddable":true,"href":"https:\/\/encuentroinformativo.com.mx\/index.php?rest_route=%2Fwp%2Fv2%2Fcategories&post=14495"},{"taxonomy":"post_tag","embeddable":true,"href":"https:\/\/encuentroinformativo.com.mx\/index.php?rest_route=%2Fwp%2Fv2%2Ftags&post=14495"}],"curies":[{"name":"wp","href":"https:\/\/api.w.org\/{rel}","templated":true}]}}