{"id":14523,"date":"2021-05-26T14:19:57","date_gmt":"2021-05-26T19:19:57","guid":{"rendered":"https:\/\/encuentroinformativo.com.mx\/?p=14523"},"modified":"2021-05-26T14:20:01","modified_gmt":"2021-05-26T19:20:01","slug":"protestan-madres-por-falta-de-medicamentos-oncologicos","status":"publish","type":"post","link":"https:\/\/encuentroinformativo.com.mx\/?p=14523","title":{"rendered":"Protestan madres por falta de medicamentos oncol\u00f3gicos"},"content":{"rendered":"\n<p><strong>Alejandro \u00c1vila<\/strong><\/p>\n\n\n\n<p>Veracruz, Ver.- Madres de ni\u00f1os en tratamiento oncol\u00f3gico, se manifestaron esta tarde a las afueras de la Torre Pedi\u00e1trica de Veracruz puerto, para denunciar la falta de medicamento para completar las quimioterapias.<\/p>\n\n\n\n<p>Aseguraron que la falta de farmacos afecta el tratamiento de casi 80 ni\u00f1os, pues la enfermedad avanza, ya que toman la quimioterapia, pero no las pastillas que apoyan al tratamiento.<\/p>\n\n\n\n<p>&#8220;Tenemos quimios, s\u00ed, pero no las tenemos completas, nos faltan medicamentos para poder concluir las quimios completas. Uno ni\u00f1o no puede tener una quimioterapia, unicamente dando la quimio y va complementada de un medicamento, si estos medicamentos no est\u00e1n para concluir esa quimio, pues no sirve de nada porque el c\u00e1ncer sigue avanzando&#8221;, mencion\u00f3 Cora de Jes\u00fas Rodr\u00edguez, vocera de las madres.<\/p>\n\n\n\n<p>Expuso que en el caso particular de su hijo, desde hace cuatro meses toma quimioterapias, pero no ha tomado las pastillas del medicamento Purinetol, y aunque \u00e9l ya deber\u00eda de ir saliendo de su enfermedad, el proceso de ha alargado por la falta de las pastillas, pues han crecido sus celulas cancerigenas.<\/p>\n\n\n\n<p>Acus\u00f3 que pese a haber ganado la demanda ante la Comisi\u00f3n Estatal de los Derechos Humanos (CEDH) a la Secretar\u00eda de Salud y el Gobierno del Estado, estos se han negado a cumplir el fallo, el cual expone que deben dar un tratamiento de calidad a los ni\u00f1os con c\u00e1ncer.<\/p>\n\n\n\n<p>&#8220;Nosotros le ganamos y que nos ten\u00edan que dar un servicio bueno, medicamentos, tratamientos completos, nos iban a dar terapia psicol\u00f3gica, los cuales los tratamientos no son completos porque no tenemos todos los medicamentos. No se ha cumplido lo que dijo Roberto Ramos Alor&#8221;, remat\u00f3.<\/p>\n","protected":false},"excerpt":{"rendered":"<p>Alejandro \u00c1vila Veracruz, Ver.- Madres de ni\u00f1os en tratamiento oncol\u00f3gico, se manifestaron esta tarde a las afueras de la Torre Pedi\u00e1trica de Veracruz puerto, para denunciar la falta de medicamento para completar las quimioterapias. Aseguraron que la falta de farmacos afecta el tratamiento de casi 80 ni\u00f1os, pues la enfermedad avanza, ya que toman la [&hellip;]<\/p>\n","protected":false},"author":1,"featured_media":14524,"comment_status":"open","ping_status":"open","sticky":false,"template":"","format":"standard","meta":{"_jetpack_memberships_contains_paid_content":false,"footnotes":""},"categories":[9],"tags":[],"class_list":["post-14523","post","type-post","status-publish","format-standard","has-post-thumbnail","hentry","category-salud"],"jetpack_featured_media_url":"https:\/\/encuentroinformativo.com.mx\/wp-content\/uploads\/2021\/05\/696CFB74-F57B-4320-A605-049169C9E2A0.jpeg","jetpack_sharing_enabled":true,"jetpack_likes_enabled":true,"amp_enabled":true,"_links":{"self":[{"href":"https:\/\/encuentroinformativo.com.mx\/index.php?rest_route=\/wp\/v2\/posts\/14523","targetHints":{"allow":["GET"]}}],"collection":[{"href":"https:\/\/encuentroinformativo.com.mx\/index.php?rest_route=\/wp\/v2\/posts"}],"about":[{"href":"https:\/\/encuentroinformativo.com.mx\/index.php?rest_route=\/wp\/v2\/types\/post"}],"author":[{"embeddable":true,"href":"https:\/\/encuentroinformativo.com.mx\/index.php?rest_route=\/wp\/v2\/users\/1"}],"replies":[{"embeddable":true,"href":"https:\/\/encuentroinformativo.com.mx\/index.php?rest_route=%2Fwp%2Fv2%2Fcomments&post=14523"}],"version-history":[{"count":1,"href":"https:\/\/encuentroinformativo.com.mx\/index.php?rest_route=\/wp\/v2\/posts\/14523\/revisions"}],"predecessor-version":[{"id":14525,"href":"https:\/\/encuentroinformativo.com.mx\/index.php?rest_route=\/wp\/v2\/posts\/14523\/revisions\/14525"}],"wp:featuredmedia":[{"embeddable":true,"href":"https:\/\/encuentroinformativo.com.mx\/index.php?rest_route=\/wp\/v2\/media\/14524"}],"wp:attachment":[{"href":"https:\/\/encuentroinformativo.com.mx\/index.php?rest_route=%2Fwp%2Fv2%2Fmedia&parent=14523"}],"wp:term":[{"taxonomy":"category","embeddable":true,"href":"https:\/\/encuentroinformativo.com.mx\/index.php?rest_route=%2Fwp%2Fv2%2Fcategories&post=14523"},{"taxonomy":"post_tag","embeddable":true,"href":"https:\/\/encuentroinformativo.com.mx\/index.php?rest_route=%2Fwp%2Fv2%2Ftags&post=14523"}],"curies":[{"name":"wp","href":"https:\/\/api.w.org\/{rel}","templated":true}]}}