{"id":14526,"date":"2021-05-26T15:29:37","date_gmt":"2021-05-26T20:29:37","guid":{"rendered":"https:\/\/encuentroinformativo.com.mx\/?p=14526"},"modified":"2021-05-26T15:29:42","modified_gmt":"2021-05-26T20:29:42","slug":"aumenta-intimidacion-a-sitem-por-protestas-en-oficinas","status":"publish","type":"post","link":"https:\/\/encuentroinformativo.com.mx\/?p=14526","title":{"rendered":"Aumenta intimidaci\u00f3n a SITEM por protestas en oficinas"},"content":{"rendered":"\n<p><strong>Juan Arcos<\/strong> <\/p>\n\n\n\n<p>Xalapa, Ver.- La Direcci\u00f3n de Educaci\u00f3n Tecnol\u00f3gica de Veracruz fue tomada por segundo d\u00eda consecutivo para denunciar que, a ra\u00edz de la protesta, aumentaron las violaciones a los derechos laborales y garant\u00edas constitucionales de integrantes del Sindicato Independiente de Trabajadores de la Educaci\u00f3n de M\u00e9xico (SITEM), secci\u00f3n Veracruz.<\/p>\n\n\n\n<p>Los quejosos mantienen su protesta, de manera pac\u00edfica, afuera de las oficinas, ubicadas sobre la calle Manuel Guti\u00e9rrez, colonia Del Maestro, a un costado de la\u00a0<br>muy cerca del mercado \u201cAdolfo Ruiz Cortines\u201d, mejor conocido como \u201cLa Rotonda\u201d, donde montaron una carpa.<\/p>\n\n\n\n<p>De acuerdo con el secretario general del SITEM, Ger\u00f3nimo Gabriel Polo Navarro, se han registrado actos de intimidaci\u00f3n, coacci\u00f3n, persecuci\u00f3n y amenazas laborales en la Universidad Tecnol\u00f3gica de Guti\u00e9rrez Zamora y en el Instituto Tecnol\u00f3gico Superior de Poza Rica.<\/p>\n\n\n\n<p>Por tal motivo, el plant\u00f3n ahora se llevar\u00e1 a cabo de manera indefinida, hasta que cese dicho hostigamiento contra los trabajadores.<br>A\u00f1adi\u00f3 que el personal de la Direcci\u00f3n de Educaci\u00f3n Tecnol\u00f3gica arrib\u00f3 al lugar con el notario Emeterio L\u00f3pez M\u00e1rquez para levantar un procedimiento por la toma de instalaciones, en busca de que fueran desalojados.<\/p>\n\n\n\n<p>Esta ma\u00f1ana se presentaron tambi\u00e9n elementos de la Secretar\u00eda de Seguridad P\u00fablica (SSP), quienes constataron que la protesta se lleva a cabo de manera pac\u00edfica, sin da\u00f1ar las instalaciones ni interrumpir el tr\u00e1nsito, por lo que posteriormente se retiraron.<\/p>\n\n\n\n<p>\u201cUstedes pueden constatar que el edificio no tiene ning\u00fan da\u00f1o, los candados est\u00e1n enteros, no hay cristales rotos, no hay nada que afecte al edificio y nos lo quieran imputar\u201d.<\/p>\n\n\n\n<p>Denunci\u00f3 que la rectora Sandra Ang\u00e9lica Hern\u00e1ndez Herrera ha despedido de manera injustificada a tres personas de la Universidad Tecnol\u00f3gica de Guti\u00e9rrez Zamora, para colocar en esos espacios a sus familiares.<br>Adem\u00e1s, acus\u00f3 que el director general del Instituto Tecnol\u00f3gico Superior de Poza Rica, Jes\u00fas Huerta Chua, ha ejercido o actos de intimidaci\u00f3n contra los agremiados.<\/p>\n\n\n\n<p>Polo Navarro se\u00f1al\u00f3 que el director general de Educaci\u00f3n Tecnol\u00f3gica en el Estado de Veracruz, David Hern\u00e1ndez Santiago, no ha entablado una mesa de di\u00e1logo para que sean atendidas sus demandas.<\/p>\n","protected":false},"excerpt":{"rendered":"<p>Juan Arcos Xalapa, Ver.- La Direcci\u00f3n de Educaci\u00f3n Tecnol\u00f3gica de Veracruz fue tomada por segundo d\u00eda consecutivo para denunciar que, a ra\u00edz de la protesta, aumentaron las violaciones a los derechos laborales y garant\u00edas constitucionales de integrantes del Sindicato Independiente de Trabajadores de la Educaci\u00f3n de M\u00e9xico (SITEM), secci\u00f3n Veracruz. Los quejosos mantienen su protesta, [&hellip;]<\/p>\n","protected":false},"author":1,"featured_media":14527,"comment_status":"open","ping_status":"open","sticky":false,"template":"","format":"standard","meta":{"_jetpack_memberships_contains_paid_content":false,"footnotes":""},"categories":[3],"tags":[],"class_list":["post-14526","post","type-post","status-publish","format-standard","has-post-thumbnail","hentry","category-xalapa"],"jetpack_featured_media_url":"https:\/\/encuentroinformativo.com.mx\/wp-content\/uploads\/2021\/05\/377AC2EE-87DF-45A0-9333-EE4AFC90071D.jpeg","jetpack_sharing_enabled":true,"jetpack_likes_enabled":true,"amp_enabled":true,"_links":{"self":[{"href":"https:\/\/encuentroinformativo.com.mx\/index.php?rest_route=\/wp\/v2\/posts\/14526","targetHints":{"allow":["GET"]}}],"collection":[{"href":"https:\/\/encuentroinformativo.com.mx\/index.php?rest_route=\/wp\/v2\/posts"}],"about":[{"href":"https:\/\/encuentroinformativo.com.mx\/index.php?rest_route=\/wp\/v2\/types\/post"}],"author":[{"embeddable":true,"href":"https:\/\/encuentroinformativo.com.mx\/index.php?rest_route=\/wp\/v2\/users\/1"}],"replies":[{"embeddable":true,"href":"https:\/\/encuentroinformativo.com.mx\/index.php?rest_route=%2Fwp%2Fv2%2Fcomments&post=14526"}],"version-history":[{"count":1,"href":"https:\/\/encuentroinformativo.com.mx\/index.php?rest_route=\/wp\/v2\/posts\/14526\/revisions"}],"predecessor-version":[{"id":14528,"href":"https:\/\/encuentroinformativo.com.mx\/index.php?rest_route=\/wp\/v2\/posts\/14526\/revisions\/14528"}],"wp:featuredmedia":[{"embeddable":true,"href":"https:\/\/encuentroinformativo.com.mx\/index.php?rest_route=\/wp\/v2\/media\/14527"}],"wp:attachment":[{"href":"https:\/\/encuentroinformativo.com.mx\/index.php?rest_route=%2Fwp%2Fv2%2Fmedia&parent=14526"}],"wp:term":[{"taxonomy":"category","embeddable":true,"href":"https:\/\/encuentroinformativo.com.mx\/index.php?rest_route=%2Fwp%2Fv2%2Fcategories&post=14526"},{"taxonomy":"post_tag","embeddable":true,"href":"https:\/\/encuentroinformativo.com.mx\/index.php?rest_route=%2Fwp%2Fv2%2Ftags&post=14526"}],"curies":[{"name":"wp","href":"https:\/\/api.w.org\/{rel}","templated":true}]}}