{"id":14529,"date":"2021-05-26T15:38:07","date_gmt":"2021-05-26T20:38:07","guid":{"rendered":"https:\/\/encuentroinformativo.com.mx\/?p=14529"},"modified":"2021-05-26T15:38:11","modified_gmt":"2021-05-26T20:38:11","slug":"por-campanas-acusan-a-sedatu-de-realizar-deslindes-ilegales","status":"publish","type":"post","link":"https:\/\/encuentroinformativo.com.mx\/?p=14529","title":{"rendered":"Por campa\u00f1as, acusan a SEDATU de realizar deslindes ilegales"},"content":{"rendered":"\n<p><strong>Juan Arcos<\/strong><\/p>\n\n\n\n<p>Xalapa, Ver.- Leg\u00edtimos propietarios de terrenos en la zona monta\u00f1osa de Coatepec denunciaron que la Secretar\u00eda de Desarrollo Agrario, Territorial y Urbano (Sedatu) les ha notificado que efectuar\u00e1 un deslinde en la zona que denominan \u201cSierra Alta\u201d.<\/p>\n\n\n\n<p>Estas acciones iniciar\u00e1n con los trabajos de medici\u00f3n del \u00e1rea boscosa el pr\u00f3ximo 3 de junio, con base en un documento ap\u00f3crifo que present\u00f3 la Central Independiente de Obreros Agr\u00edcolas y Campesinos (CIOAC) para apropiarse de varias hect\u00e1reas en el predio Jinicuil Manso.<\/p>\n\n\n\n<p>\u201cQuisi\u00e9ramos informar que este deslinde que la Sedatu pretende llevar a cabo es ilegal ya que violenta una suspensi\u00f3n definitiva que nos fue otorgada por un Juez de Distrito. El \u00faltimo acuerdo que aparece en el Juzgado de Distrito, es el de recepci\u00f3n de la sentencia que confirma la suspensi\u00f3n definitiva. Se recibi\u00f3 el 18 de mayo pasado\u201d, expusieron los propietarios en una carta dirigida a medios de comunicaci\u00f3n.<\/p>\n\n\n\n<p>Se trata de la suspensi\u00f3n definitiva con el n\u00famero de expediente 373\/2020 y con fecha del 17 de mayo de 2021, publicada al d\u00eda siguiente, el 18 de mayo.<\/p>\n\n\n\n<p>Las personas acusaron que la Sedatu pretende otorgarle a CIOAC propiedades que son privadas y tienen due\u00f1os, situaci\u00f3n que ha sido comprobada ante las instancias correspondientes.<\/p>\n\n\n\n<p>Los leg\u00edtimos propietarios repudiaron que la Sedatu pretenda iniciar el procedimiento de deslinde a tres d\u00edas de las votaciones del pr\u00f3ximo domingo 6 de junio.<\/p>\n\n\n\n<p>En ese sentido, consideraron que el gobierno federal busca entregar tierras a cambio de votos a favor de su partido pol\u00edtico: el Movimiento de Regeneraci\u00f3n Nacional (Morena).<\/p>\n\n\n\n<p>\u201cEn lo que claramente es una negociaci\u00f3n pol\u00edtica; el Gobierno, a trav\u00e9s de la Sedatu, pretende entregar tierra a cambio de votos violentando una suspensi\u00f3n definitiva otorgada por un Juez de Distrito. Nos negamos a este deslinde ilegal y llamamos a los medios de comunicaci\u00f3n a difundir esta problem\u00e1tica y este acto a todas luces ilegal\u201d.<\/p>\n\n\n\n<p>Cabe recordar que en marzo pasado fueron vinculados a proceso algunos de los invasores del predio mencionado por el delito de despojo. Por ello, Ram\u00f3n Gonz\u00e1lez G\u00f3mez, quien se ostenta como dirigente de la CIOAC, y sus c\u00f3mplices, tendr\u00edan que enfrentar el juicio correspondiente por apoderarse de las tierras desde el 21 de julio de 2019, hechos que denunciaron los leg\u00edtimos propietarios ante la Fiscal\u00eda General del Estado (FGE).<\/p>\n\n\n\n<p>El conflicto lleg\u00f3 a la conferencia ma\u00f1anera del presidente de la Rep\u00fablica, Andr\u00e9s Manuel L\u00f3pez Obrador, el 25 de agosto de 2020, donde prometi\u00f3 que el tema ser\u00eda atendido para defender la zona monta\u00f1osa de Coatepec.<\/p>\n\n\n\n<p>El mandatario federal instruy\u00f3 a la Secretar\u00eda de Desarrollo Agrario, Territorial y Urbano que resolviera el problema; sin embargo, ahora la dependencia federal iniciar\u00e1 acciones en beneficio de los invasores.<\/p>\n\n\n\n<p>Lo anterior, pese a que tambi\u00e9n fueron presentadas denuncias en la FGE contra los invasores por portar armas de fuego de manera ilegal y amenazas de muerte contra los due\u00f1os de las tierras.\u00a0<\/p>\n","protected":false},"excerpt":{"rendered":"<p>Juan Arcos Xalapa, Ver.- Leg\u00edtimos propietarios de terrenos en la zona monta\u00f1osa de Coatepec denunciaron que la Secretar\u00eda de Desarrollo Agrario, Territorial y Urbano (Sedatu) les ha notificado que efectuar\u00e1 un deslinde en la zona que denominan \u201cSierra Alta\u201d. Estas acciones iniciar\u00e1n con los trabajos de medici\u00f3n del \u00e1rea boscosa el pr\u00f3ximo 3 de junio, [&hellip;]<\/p>\n","protected":false},"author":1,"featured_media":14530,"comment_status":"open","ping_status":"open","sticky":false,"template":"","format":"standard","meta":{"_jetpack_memberships_contains_paid_content":false,"footnotes":""},"categories":[8],"tags":[],"class_list":["post-14529","post","type-post","status-publish","format-standard","has-post-thumbnail","hentry","category-region"],"jetpack_featured_media_url":"https:\/\/encuentroinformativo.com.mx\/wp-content\/uploads\/2021\/05\/2D8AAFCD-700A-4F2E-AFB1-E03357B10F05.jpeg","jetpack_sharing_enabled":true,"jetpack_likes_enabled":true,"amp_enabled":true,"_links":{"self":[{"href":"https:\/\/encuentroinformativo.com.mx\/index.php?rest_route=\/wp\/v2\/posts\/14529","targetHints":{"allow":["GET"]}}],"collection":[{"href":"https:\/\/encuentroinformativo.com.mx\/index.php?rest_route=\/wp\/v2\/posts"}],"about":[{"href":"https:\/\/encuentroinformativo.com.mx\/index.php?rest_route=\/wp\/v2\/types\/post"}],"author":[{"embeddable":true,"href":"https:\/\/encuentroinformativo.com.mx\/index.php?rest_route=\/wp\/v2\/users\/1"}],"replies":[{"embeddable":true,"href":"https:\/\/encuentroinformativo.com.mx\/index.php?rest_route=%2Fwp%2Fv2%2Fcomments&post=14529"}],"version-history":[{"count":1,"href":"https:\/\/encuentroinformativo.com.mx\/index.php?rest_route=\/wp\/v2\/posts\/14529\/revisions"}],"predecessor-version":[{"id":14531,"href":"https:\/\/encuentroinformativo.com.mx\/index.php?rest_route=\/wp\/v2\/posts\/14529\/revisions\/14531"}],"wp:featuredmedia":[{"embeddable":true,"href":"https:\/\/encuentroinformativo.com.mx\/index.php?rest_route=\/wp\/v2\/media\/14530"}],"wp:attachment":[{"href":"https:\/\/encuentroinformativo.com.mx\/index.php?rest_route=%2Fwp%2Fv2%2Fmedia&parent=14529"}],"wp:term":[{"taxonomy":"category","embeddable":true,"href":"https:\/\/encuentroinformativo.com.mx\/index.php?rest_route=%2Fwp%2Fv2%2Fcategories&post=14529"},{"taxonomy":"post_tag","embeddable":true,"href":"https:\/\/encuentroinformativo.com.mx\/index.php?rest_route=%2Fwp%2Fv2%2Ftags&post=14529"}],"curies":[{"name":"wp","href":"https:\/\/api.w.org\/{rel}","templated":true}]}}