{"id":14536,"date":"2021-05-27T09:32:06","date_gmt":"2021-05-27T14:32:06","guid":{"rendered":"https:\/\/encuentroinformativo.com.mx\/?p=14536"},"modified":"2021-05-27T09:32:09","modified_gmt":"2021-05-27T14:32:09","slug":"un-mural-choco-y-americo","status":"publish","type":"post","link":"https:\/\/encuentroinformativo.com.mx\/?p=14536","title":{"rendered":"Un Mural, Choco y Am\u00e9rico"},"content":{"rendered":"\n<p><strong>Los Pol\u00edticos<\/strong><\/p>\n\n\n\n<p><strong>Salvador Mu\u00f1oz<\/strong><\/p>\n\n\n\n<p>Desde la esquina del parque, del lado de la calle Tulipanes, se asoma la enorme cabeza del perro que algunos vecinos aseguran que se trata de Boby, tremendo can con una cara de amigo que no puede con ella. Lo ubico a la perfecci\u00f3n: cada vez que nos lo encontramos en el parque, saluda muy cordial a Nina y Lucky. Nunca lo he visto agresivo, siempre relajado, tan relajado que me recuerda al \u201cCallejero\u201d de Alberto Cortez.<\/p>\n\n\n\n<p>Boby vive del otro lado de la avenida, precisamente donde la fachada de un edificio fue estampada con colores para retratar a tres perritos que los vecinos creemos que se tratan de Boby, Andr\u00f3meda y su pandilla.<\/p>\n\n\n\n<p>Sencillamente obliga al transe\u00fante a detener su andar un momento para admirar con la tranquilidad que lo amerita, las l\u00edneas, los trazos, los colores, la vida que de repente tom\u00f3 ese edificio.<\/p>\n\n\n\n<p>Pregunt\u00e9 a Pepe Diez, un internauta que tom\u00f3 algunas fotos, si sab\u00eda el nombre del autor. No lo supo pero s\u00ed sab\u00eda el del que tuvo la iniciativa para impulsar esta obra muralista: Jos\u00e9 Alberto P\u00e9rez Fuentes, mejor conocido como Chocolate.<\/p>\n\n\n\n<p>Es parte de una idea que el candidato a la presidencia municipal por el PES tiene bajo el nombre de Proyecto Barrios.<\/p>\n\n\n\n<p>Ahora s\u00ed, la probadita de Chocolate fue bien recibida por los vecinos de Jardines aunque la respuesta de quienes hacen su andar todos los d\u00edas por este vecindario que es paso de muchas colonias cercanas, tambi\u00e9n tuvo buena acogida.<\/p>\n\n\n\n<p>La probadita de Chocolate me record\u00f3 a Vicho Velasco y a Am\u00e9rico.<\/p>\n\n\n\n<p>A Velasco Chedraui porque con eso de la pintura, cuando fue candidato a la presidencia municipal por primera vez, se comprometi\u00f3 a entregar galones para todos los edificios de la unidad y as\u00ed lo hizo\u2026 del tiempo que llevo all\u00ed viviendo ha sido la \u00fanica vez que se ha pintado parejo cada edificio\u2026 despu\u00e9s, cada quien lo hemos hecho por nuestro lado. Afortunados los vecinos que se ponen de acuerdo y pintan de un solo color su m\u00f3dulo.<\/p>\n\n\n\n<p>Igual me record\u00f3 a Am\u00e9rico por dos razones:<\/p>\n\n\n\n<p>Estuvieron voceando este mi\u00e9rcoles por la tarde, el arribo del candidato y un joven vecino me preguntaba sobre \u00e9l. Le se\u00f1al\u00e9 los juegos infantiles al centro del parque as\u00ed como el gimnasio al aire libre\u2026 fue parte de lo que nos dej\u00f3 en las \u00e1reas verdes.<\/p>\n\n\n\n<p>Qued\u00f3 pendiente que \u201cRescate de Espacios P\u00fablicos\u201d llegara a Jardines de Xalapa. \u00bfRecuerda tal programa?<\/p>\n\n\n\n<p>Jorge Carlos Ram\u00edrez Mar\u00edn, en ese entonces titular de Sedatu, junto con el entonces alcalde de Xalapa, Am\u00e9rico Z\u00fa\u00f1iga, ya hab\u00edan hecho un trabajo interesante en dos puntos de la Atenas.<\/p>\n\n\n\n<p>Dos unidades habitacionales pintadas: la del Fovissste y la Unidad del Valle. Previa impermeabilizaci\u00f3n, le metieron pintura de primera calidad a los edificios de cada fraccionamiento.<\/p>\n\n\n\n<p>Aparte de la manita de pintura, se rescat\u00f3 las \u00e1reas comunes, se pusieron gimnasios al aire libre, bancas y mobiliario urbano.<\/p>\n\n\n\n<p>En Fovissste, se rescat\u00f3 la Casa del Trabajador que se convirti\u00f3 en un sal\u00f3n funcional con varios salones as\u00ed como la explanada que est\u00e1 a un costado; en la Unidad del Valle se construy\u00f3 un \u00e1rea deportiva con canchas y juegos para ni\u00f1os\u2026<\/p>\n\n\n\n<p>Qu\u00e9 pena que cuando dej\u00f3 la titularidad de Sedatu Ram\u00edrez Mar\u00edn, este programa haya desaparecido\u2026 ya no se le dio continuidad ni apoyo a los municipios.<\/p>\n\n\n\n<p>El mural ac\u00e1 de Jardines es un buen ejemplo de lo que se puede hacer para cambiar el rostro de una ciudad estancada por casi cuatro a\u00f1os\u2026 las ideas est\u00e1n all\u00ed\u2026 el Chocolate puso un ejemplo; Am\u00e9rico tiene la experiencia&#8230; quiz\u00e1s sea tiempo de retomar lo que Hip\u00f3lito despreci\u00f3 en su momento para volver a levantar a Xalapa de la desidia, desinter\u00e9s y mezquindad de quienes s\u00f3lo dejaron que nuestra capital dejara de parecer la capital del Estado.<br>PD Y Am\u00e9rico lleg\u00f3 al barrio y s\u00ed, record\u00f3 ese programa que puso en marcha cuando alcalde y all\u00ed hizo una promesa: rescatar a Jardines de Xalapa tal como lo hizo en la Unidad del Valle y Fovissste\u2026 y para firmar el pacto, unos tamalitos con atole!<\/p>\n\n\n\n<p><a href=\"mailto:smcainito@gmail.com\" target=\"_blank\" rel=\"noreferrer noopener\">smcainito@gmail.com<\/a><\/p>\n","protected":false},"excerpt":{"rendered":"<p>Los Pol\u00edticos Salvador Mu\u00f1oz Desde la esquina del parque, del lado de la calle Tulipanes, se asoma la enorme cabeza del perro que algunos vecinos aseguran que se trata de Boby, tremendo can con una cara de amigo que no puede con ella. Lo ubico a la perfecci\u00f3n: cada vez que nos lo encontramos en [&hellip;]<\/p>\n","protected":false},"author":1,"featured_media":70,"comment_status":"open","ping_status":"open","sticky":false,"template":"","format":"standard","meta":{"_jetpack_memberships_contains_paid_content":false,"footnotes":""},"categories":[11],"tags":[],"class_list":["post-14536","post","type-post","status-publish","format-standard","has-post-thumbnail","hentry","category-opinion"],"jetpack_featured_media_url":"https:\/\/encuentroinformativo.com.mx\/wp-content\/uploads\/2020\/02\/opinion-invitado.jpg","jetpack_sharing_enabled":true,"jetpack_likes_enabled":true,"amp_enabled":true,"_links":{"self":[{"href":"https:\/\/encuentroinformativo.com.mx\/index.php?rest_route=\/wp\/v2\/posts\/14536","targetHints":{"allow":["GET"]}}],"collection":[{"href":"https:\/\/encuentroinformativo.com.mx\/index.php?rest_route=\/wp\/v2\/posts"}],"about":[{"href":"https:\/\/encuentroinformativo.com.mx\/index.php?rest_route=\/wp\/v2\/types\/post"}],"author":[{"embeddable":true,"href":"https:\/\/encuentroinformativo.com.mx\/index.php?rest_route=\/wp\/v2\/users\/1"}],"replies":[{"embeddable":true,"href":"https:\/\/encuentroinformativo.com.mx\/index.php?rest_route=%2Fwp%2Fv2%2Fcomments&post=14536"}],"version-history":[{"count":1,"href":"https:\/\/encuentroinformativo.com.mx\/index.php?rest_route=\/wp\/v2\/posts\/14536\/revisions"}],"predecessor-version":[{"id":14537,"href":"https:\/\/encuentroinformativo.com.mx\/index.php?rest_route=\/wp\/v2\/posts\/14536\/revisions\/14537"}],"wp:featuredmedia":[{"embeddable":true,"href":"https:\/\/encuentroinformativo.com.mx\/index.php?rest_route=\/wp\/v2\/media\/70"}],"wp:attachment":[{"href":"https:\/\/encuentroinformativo.com.mx\/index.php?rest_route=%2Fwp%2Fv2%2Fmedia&parent=14536"}],"wp:term":[{"taxonomy":"category","embeddable":true,"href":"https:\/\/encuentroinformativo.com.mx\/index.php?rest_route=%2Fwp%2Fv2%2Fcategories&post=14536"},{"taxonomy":"post_tag","embeddable":true,"href":"https:\/\/encuentroinformativo.com.mx\/index.php?rest_route=%2Fwp%2Fv2%2Ftags&post=14536"}],"curies":[{"name":"wp","href":"https:\/\/api.w.org\/{rel}","templated":true}]}}