{"id":14543,"date":"2021-05-26T19:26:01","date_gmt":"2021-05-27T00:26:01","guid":{"rendered":"https:\/\/encuentroinformativo.com.mx\/?p=14543"},"modified":"2021-05-27T10:29:16","modified_gmt":"2021-05-27T15:29:16","slug":"seguire-en-la-lucha-yunes-marquez","status":"publish","type":"post","link":"https:\/\/encuentroinformativo.com.mx\/?p=14543","title":{"rendered":"Seguir\u00e9 en la lucha: Yunes M\u00e1rquez"},"content":{"rendered":"\n<p><strong>Alejandro \u00c1vila<\/strong><\/p>\n\n\n\n<p>Veracruz, Ver.- Tras el segundo rev\u00e9s a su candidatura para la alcald\u00eda de Veracruz, Miguel \u00c1ngel Yunes M\u00e1rquez, expuso que en video transmitido en sus redes sociales que, ha sido el Gobierno del Estado quien ha metido mano en la decisi\u00f3n de los Tribunales Electorales e incluso, ha utilizado a la Fiscal\u00eda General del Estado para intimidarlo.<\/p>\n\n\n\n<p>En ese sentido, fu\u00e9 enf\u00e1tico al se\u00f1alar que le podr\u00e1n quitar la candidatura, pero no el cari\u00f1o de la gente, al tiempo que expuso ha sido una campa\u00f1a no solo de una persona, sino de toda la gente.<\/p>\n\n\n\n<p>Es por ello que expres\u00f3 seguir\u00e1 en la lucha y no permitir\u00e1 que el gobernador del Estado imponga un alcalde en la ciudad de Veracruz.<\/p>\n\n\n\n<p>&#8220;Nosotros no nos vamos a dejar, no vamos a permitir de ninguna manera que Cuitl\u00e1huac imponga a un presidente municipal en el puerto de Veracruz, vamos a luchar, vamos a seguir trabajando hasta el \u00faltimo d\u00eda de la campa\u00f1a para convencer a la gente, porque estoy convencido que nosotros somos la mejor opci\u00f3n. Aqu\u00ed Cuitl\u00e1huac no va a pasar, vamos a defender a Veracruz y vamos a ser los veracruzanos que en pie de lucha, realmente eligamos quien quieren que nos gobierne&#8221;, asest\u00f3.<\/p>\n\n\n\n<p>Finalmente, Yunes M\u00e1rquez, pidi\u00f3 a la gente que as\u00ed como han caminado y apoyado su proyecto, ahora hagan los mismo con su esposa, Patricia Lobeira Rodr\u00edguez, quien lo supli\u00f3 en la candidatura a la alcald\u00eda de Veracruz y de la cual asegur\u00f3 ser\u00e1 la segunda mujer que administre el municipio m\u00e1s importante de la entidad veracruzana.<\/p>\n","protected":false},"excerpt":{"rendered":"<p>Alejandro \u00c1vila Veracruz, Ver.- Tras el segundo rev\u00e9s a su candidatura para la alcald\u00eda de Veracruz, Miguel \u00c1ngel Yunes M\u00e1rquez, expuso que en video transmitido en sus redes sociales que, ha sido el Gobierno del Estado quien ha metido mano en la decisi\u00f3n de los Tribunales Electorales e incluso, ha utilizado a la Fiscal\u00eda General [&hellip;]<\/p>\n","protected":false},"author":1,"featured_media":14544,"comment_status":"open","ping_status":"open","sticky":false,"template":"","format":"standard","meta":{"_jetpack_memberships_contains_paid_content":false,"footnotes":""},"categories":[2],"tags":[],"class_list":["post-14543","post","type-post","status-publish","format-standard","has-post-thumbnail","hentry","category-estado"],"jetpack_featured_media_url":"https:\/\/encuentroinformativo.com.mx\/wp-content\/uploads\/2021\/05\/7AFE97EF-AF85-43E2-9794-E0E61E9AEEB2.jpeg","jetpack_sharing_enabled":true,"jetpack_likes_enabled":true,"amp_enabled":true,"_links":{"self":[{"href":"https:\/\/encuentroinformativo.com.mx\/index.php?rest_route=\/wp\/v2\/posts\/14543","targetHints":{"allow":["GET"]}}],"collection":[{"href":"https:\/\/encuentroinformativo.com.mx\/index.php?rest_route=\/wp\/v2\/posts"}],"about":[{"href":"https:\/\/encuentroinformativo.com.mx\/index.php?rest_route=\/wp\/v2\/types\/post"}],"author":[{"embeddable":true,"href":"https:\/\/encuentroinformativo.com.mx\/index.php?rest_route=\/wp\/v2\/users\/1"}],"replies":[{"embeddable":true,"href":"https:\/\/encuentroinformativo.com.mx\/index.php?rest_route=%2Fwp%2Fv2%2Fcomments&post=14543"}],"version-history":[{"count":1,"href":"https:\/\/encuentroinformativo.com.mx\/index.php?rest_route=\/wp\/v2\/posts\/14543\/revisions"}],"predecessor-version":[{"id":14545,"href":"https:\/\/encuentroinformativo.com.mx\/index.php?rest_route=\/wp\/v2\/posts\/14543\/revisions\/14545"}],"wp:featuredmedia":[{"embeddable":true,"href":"https:\/\/encuentroinformativo.com.mx\/index.php?rest_route=\/wp\/v2\/media\/14544"}],"wp:attachment":[{"href":"https:\/\/encuentroinformativo.com.mx\/index.php?rest_route=%2Fwp%2Fv2%2Fmedia&parent=14543"}],"wp:term":[{"taxonomy":"category","embeddable":true,"href":"https:\/\/encuentroinformativo.com.mx\/index.php?rest_route=%2Fwp%2Fv2%2Fcategories&post=14543"},{"taxonomy":"post_tag","embeddable":true,"href":"https:\/\/encuentroinformativo.com.mx\/index.php?rest_route=%2Fwp%2Fv2%2Ftags&post=14543"}],"curies":[{"name":"wp","href":"https:\/\/api.w.org\/{rel}","templated":true}]}}