{"id":14560,"date":"2021-05-27T12:02:32","date_gmt":"2021-05-27T17:02:32","guid":{"rendered":"https:\/\/encuentroinformativo.com.mx\/?p=14560"},"modified":"2021-05-27T12:02:35","modified_gmt":"2021-05-27T17:02:35","slug":"siguen-destapes-para-rectoria-de-la-uv","status":"publish","type":"post","link":"https:\/\/encuentroinformativo.com.mx\/?p=14560","title":{"rendered":"Siguen destapes para rector\u00eda de la UV"},"content":{"rendered":"\n<p><strong>Juan Arcos<\/strong><\/p>\n\n\n\n<p>Xalapa, Ver.- Ana Beatriz Lira Rocas se destap\u00f3 como aspirante a la Rector\u00eda a la Universidad Veracruzana (UV) y consider\u00f3 que la autonom\u00eda de la instituci\u00f3n no est\u00e1 en riesgo por la posible intervenci\u00f3n del gobierno en la designaci\u00f3n de la persona que estar\u00e1 al frente de la instancia acad\u00e9mica.<\/p>\n\n\n\n<p>En ese sentido, la especialista en Econom\u00eda Financiera neg\u00f3 que haya \u201cdados cargados\u201d para favorecer a alguno de los aspirantes y dijo confiar en la votaci\u00f3n que realizan los nueve integrantes de la Junta de Gobierno.<\/p>\n\n\n\n<p>\u201cNo hay ninguna duda al respecto de nuestra autonom\u00eda, ni tampoco hay ninguna duda respecto de la honorabilidad de los miembros de la Junta de Gobierno, ellos son quienes eligen, no lo hacen de manera aislada a la comunidad, dentro del proceso de elecci\u00f3n hay un tiempo para auscultar a la comunidad, para escuchar las propuestas, para escuchar que opina la comunidad de los candidatos, ellos sabr\u00e1n valorar, por eso han sido elegidos porque son gente honorable y profesional\u201d.<\/p>\n\n\n\n<p>La acad\u00e9mica prometi\u00f3 homogeneizar su salario con la ley de austeridad, para que los recursos econ\u00f3micos sean destinados para atender las principales necesidades de la instituci\u00f3n.<\/p>\n\n\n\n<p>La acad\u00e9mica no descart\u00f3 la posibilidad de llevar a cabo auditor\u00edas, en caso de llegar al cargo, para proceder en contra quienes resulten responsables de posibles malos manejos al interior de la m\u00e1xima casa de estudios.<\/p>\n\n\n\n<p>\u201cSi vamos a auditar o no, eso lo sabremos cuando lleguemos y va a depender de los resultados de la cuenta p\u00fablica y, por supuesto que vamos a hacer una revisi\u00f3n, hay un proceso de entrega recepci\u00f3n muy estricto que la contralor\u00eda supervisa y ah\u00ed se resuelve todo\u201d.<\/p>\n\n\n\n<p>La Doctora en Sostenibilidad, Tecnolog\u00eda y Humanismo indic\u00f3 que hasta el momento desconoce qui\u00e9nes son los aspirantes a la Rector\u00eda, toda vez que a\u00fan no se ha abierto el registro correspondiente, pues la convocatoria podr\u00eda abrirse el pr\u00f3ximo 30 de junio.<\/p>\n\n\n\n<p>Lira Rocas present\u00f3 su proyecto denominado \u201cInclusi\u00f3n, igualdad y sostenibilidad universitaria\u201d, mismo que ha construido junto con un grupo de acad\u00e9micos, artistas, estudiantes y administrativos de la UV.<\/p>\n","protected":false},"excerpt":{"rendered":"<p>Juan Arcos Xalapa, Ver.- Ana Beatriz Lira Rocas se destap\u00f3 como aspirante a la Rector\u00eda a la Universidad Veracruzana (UV) y consider\u00f3 que la autonom\u00eda de la instituci\u00f3n no est\u00e1 en riesgo por la posible intervenci\u00f3n del gobierno en la designaci\u00f3n de la persona que estar\u00e1 al frente de la instancia acad\u00e9mica. En ese sentido, [&hellip;]<\/p>\n","protected":false},"author":1,"featured_media":14561,"comment_status":"open","ping_status":"open","sticky":false,"template":"","format":"standard","meta":{"_jetpack_memberships_contains_paid_content":false,"footnotes":""},"categories":[2],"tags":[],"class_list":["post-14560","post","type-post","status-publish","format-standard","has-post-thumbnail","hentry","category-estado"],"jetpack_featured_media_url":"https:\/\/encuentroinformativo.com.mx\/wp-content\/uploads\/2021\/05\/667A614A-3813-4C23-82A2-27B44EB7FB10.jpeg","jetpack_sharing_enabled":true,"jetpack_likes_enabled":true,"amp_enabled":true,"_links":{"self":[{"href":"https:\/\/encuentroinformativo.com.mx\/index.php?rest_route=\/wp\/v2\/posts\/14560","targetHints":{"allow":["GET"]}}],"collection":[{"href":"https:\/\/encuentroinformativo.com.mx\/index.php?rest_route=\/wp\/v2\/posts"}],"about":[{"href":"https:\/\/encuentroinformativo.com.mx\/index.php?rest_route=\/wp\/v2\/types\/post"}],"author":[{"embeddable":true,"href":"https:\/\/encuentroinformativo.com.mx\/index.php?rest_route=\/wp\/v2\/users\/1"}],"replies":[{"embeddable":true,"href":"https:\/\/encuentroinformativo.com.mx\/index.php?rest_route=%2Fwp%2Fv2%2Fcomments&post=14560"}],"version-history":[{"count":1,"href":"https:\/\/encuentroinformativo.com.mx\/index.php?rest_route=\/wp\/v2\/posts\/14560\/revisions"}],"predecessor-version":[{"id":14562,"href":"https:\/\/encuentroinformativo.com.mx\/index.php?rest_route=\/wp\/v2\/posts\/14560\/revisions\/14562"}],"wp:featuredmedia":[{"embeddable":true,"href":"https:\/\/encuentroinformativo.com.mx\/index.php?rest_route=\/wp\/v2\/media\/14561"}],"wp:attachment":[{"href":"https:\/\/encuentroinformativo.com.mx\/index.php?rest_route=%2Fwp%2Fv2%2Fmedia&parent=14560"}],"wp:term":[{"taxonomy":"category","embeddable":true,"href":"https:\/\/encuentroinformativo.com.mx\/index.php?rest_route=%2Fwp%2Fv2%2Fcategories&post=14560"},{"taxonomy":"post_tag","embeddable":true,"href":"https:\/\/encuentroinformativo.com.mx\/index.php?rest_route=%2Fwp%2Fv2%2Ftags&post=14560"}],"curies":[{"name":"wp","href":"https:\/\/api.w.org\/{rel}","templated":true}]}}