{"id":14563,"date":"2021-05-27T13:08:21","date_gmt":"2021-05-27T18:08:21","guid":{"rendered":"https:\/\/encuentroinformativo.com.mx\/?p=14563"},"modified":"2021-05-27T13:08:25","modified_gmt":"2021-05-27T18:08:25","slug":"se-suman-morenistas-a-gabriel-cardenas-en-medellin","status":"publish","type":"post","link":"https:\/\/encuentroinformativo.com.mx\/?p=14563","title":{"rendered":"Se suman morenistas a Gabriel C\u00e1rdenas  en Medell\u00edn"},"content":{"rendered":"\n<p><strong>Alejandro \u00c1vila<\/strong><\/p>\n\n\n\n<p>Medell\u00edn de Bravo, Ver. \u2013 A poco menos de 10 d\u00edas de acabar las campa\u00f1as pol\u00edticas, el candidato a la alcald\u00eda de Medell\u00edn de Bravo por la alianza \u201cVeracruz Va\u201d, Gabriel C\u00e1rdenas Gu\u00edzar, sum\u00f3 al l\u00edder fundador de MORENA en el municipio, quien declin\u00f3 a favor del panista.<\/p>\n\n\n\n<p>Este mi\u00e9rcoles, despu\u00e9s de realizar un recorrido en la localidad de Los Robles, anunci\u00f3 la adhesi\u00f3n de Enrique Trejo Morales de la asociaci\u00f3n \u201cJuntos por un Pa\u00eds Mejor\u201d, activo militante de Morena y ex aspirante a la alcald\u00eda de Medell\u00edn por ese partido.<\/p>\n\n\n\n<p>\u201cFaltan pocos d\u00edas para refrendar en las urnas lo que en las calles hemos visto, faltan pocos d\u00edas para convencer a Medell\u00edn de la enorme diferencia de los dos proyectos que hoy tienen enfrente; el proyecto de la corrupci\u00f3n, de la inamovilidad, de la agresi\u00f3n a las mujeres. O el proyecto serio, valiente en la b\u00fasqueda de la modernidad, el proyecto de la pluralidad, de la gente, de la gente buena como Enrique Trejo\u201d, asest\u00f3.<\/p>\n\n\n\n<p>Acompa\u00f1ado por el candidato a la diputaci\u00f3n local por el distrito XVII, Polo Deschamps y frente a los habitantes de Los Robles, Gabriel C\u00e1rdenas firm\u00f3 una serie de compromisos que cumplir\u00e1 una vez que resulte ganador en la contienda electoral, rumbo a la presidencia municipal.<\/p>\n\n\n\n<p>Los compromisos son: apoyo al campo, corredor agr\u00edcola y ganadero, construcci\u00f3n de centros de abastos, gesti\u00f3n de tres empacadoras en la zona, construcci\u00f3n de unidades deportivas, adem\u00e1s de organizar la liga de beisbol y futbol.<\/p>\n\n\n\n<p>De la misma manera, se comprometi\u00f3 a realizar talleres de costura para mujeres en donde se pueda realizar uniformes deportivos, atenci\u00f3n a grupos vulnerables, desarrollo urbano sustentable y darle atenci\u00f3n a la secundaria t\u00e9cnica agropecuaria, ubicada en El Mangal.<\/p>\n\n\n\n<p>Trejo Morales hizo un fuerte llamado a la poblaci\u00f3n y pidi\u00f3 no creer en que si se vota por el partido en el poder desaparecer\u00e1n los programas sociales.<\/p>\n\n\n\n<p>\u201cPor decreto el beneficio de los programas sociales no es para ser manipulados por un partido, ll\u00e1mese MORENA, ll\u00e1mese el que sea, por favor no tengan miedo de votar\u201d, asever\u00f3.<\/p>\n\n\n\n<p>Esta no es la primera ocasi\u00f3n que liderazgos de otros partidos declinan a su favor, pues hay que recordar que a Gabriel C\u00e1rdenas ya se le sumaron en esta campa\u00f1a, \u00c1ngel Ram\u00edrez Castro de la asociaci\u00f3n \u201cUn \u00c1ngel con Rostro\u201d; Luis Mellado Dom\u00ednguez de \u201cConectando Medell\u00edn\u201d, Gustavo Almaraz quien fuera contendiente en la elecci\u00f3n interna del PAN y altruista con su empresa Casa Almaraz.<br>Asimismo, hace algunos d\u00edas la ex aspirante de Fuerza por M\u00e9xico a la alcald\u00eda, Mar\u00eda Luisa Rosales Garc\u00eda declin\u00f3 a favor de Gabriel C\u00e1rdenas.<\/p>\n","protected":false},"excerpt":{"rendered":"<p>Alejandro \u00c1vila Medell\u00edn de Bravo, Ver. \u2013 A poco menos de 10 d\u00edas de acabar las campa\u00f1as pol\u00edticas, el candidato a la alcald\u00eda de Medell\u00edn de Bravo por la alianza \u201cVeracruz Va\u201d, Gabriel C\u00e1rdenas Gu\u00edzar, sum\u00f3 al l\u00edder fundador de MORENA en el municipio, quien declin\u00f3 a favor del panista. Este mi\u00e9rcoles, despu\u00e9s de realizar [&hellip;]<\/p>\n","protected":false},"author":1,"featured_media":14564,"comment_status":"open","ping_status":"open","sticky":false,"template":"","format":"standard","meta":{"_jetpack_memberships_contains_paid_content":false,"footnotes":""},"categories":[2],"tags":[],"class_list":["post-14563","post","type-post","status-publish","format-standard","has-post-thumbnail","hentry","category-estado"],"jetpack_featured_media_url":"https:\/\/encuentroinformativo.com.mx\/wp-content\/uploads\/2021\/05\/326F5874-0D7B-4BF9-BB47-F662B275DAD1.jpeg","jetpack_sharing_enabled":true,"jetpack_likes_enabled":true,"amp_enabled":true,"_links":{"self":[{"href":"https:\/\/encuentroinformativo.com.mx\/index.php?rest_route=\/wp\/v2\/posts\/14563","targetHints":{"allow":["GET"]}}],"collection":[{"href":"https:\/\/encuentroinformativo.com.mx\/index.php?rest_route=\/wp\/v2\/posts"}],"about":[{"href":"https:\/\/encuentroinformativo.com.mx\/index.php?rest_route=\/wp\/v2\/types\/post"}],"author":[{"embeddable":true,"href":"https:\/\/encuentroinformativo.com.mx\/index.php?rest_route=\/wp\/v2\/users\/1"}],"replies":[{"embeddable":true,"href":"https:\/\/encuentroinformativo.com.mx\/index.php?rest_route=%2Fwp%2Fv2%2Fcomments&post=14563"}],"version-history":[{"count":1,"href":"https:\/\/encuentroinformativo.com.mx\/index.php?rest_route=\/wp\/v2\/posts\/14563\/revisions"}],"predecessor-version":[{"id":14565,"href":"https:\/\/encuentroinformativo.com.mx\/index.php?rest_route=\/wp\/v2\/posts\/14563\/revisions\/14565"}],"wp:featuredmedia":[{"embeddable":true,"href":"https:\/\/encuentroinformativo.com.mx\/index.php?rest_route=\/wp\/v2\/media\/14564"}],"wp:attachment":[{"href":"https:\/\/encuentroinformativo.com.mx\/index.php?rest_route=%2Fwp%2Fv2%2Fmedia&parent=14563"}],"wp:term":[{"taxonomy":"category","embeddable":true,"href":"https:\/\/encuentroinformativo.com.mx\/index.php?rest_route=%2Fwp%2Fv2%2Fcategories&post=14563"},{"taxonomy":"post_tag","embeddable":true,"href":"https:\/\/encuentroinformativo.com.mx\/index.php?rest_route=%2Fwp%2Fv2%2Ftags&post=14563"}],"curies":[{"name":"wp","href":"https:\/\/api.w.org\/{rel}","templated":true}]}}