{"id":14575,"date":"2021-05-27T16:05:43","date_gmt":"2021-05-27T21:05:43","guid":{"rendered":"https:\/\/encuentroinformativo.com.mx\/?p=14575"},"modified":"2021-05-27T16:05:47","modified_gmt":"2021-05-27T21:05:47","slug":"sigue-pendiente-remodelacion-en-parque-macuiltepetl-patronato","status":"publish","type":"post","link":"https:\/\/encuentroinformativo.com.mx\/?p=14575","title":{"rendered":"Sigue pendiente remodelaci\u00f3n en parque Macuilt\u00e9petl: Patronato"},"content":{"rendered":"\n<p><strong>Juan Arcos <\/strong><\/p>\n\n\n\n<p>Xalapa, Ver.- El presupuesto de 3 millones de pesos para la rehabilitaci\u00f3n del Parque Ecol\u00f3gico Macuilt\u00e9petl no corresponde al monto del proyecto que elabora el ayuntamiento de Xalapa.<\/p>\n\n\n\n<p>De acuerdo con Sergio Humberto Aguilar Rodr\u00edguez, director del Patronato del parque mencionado, el gobierno municipal s\u00f3lo plantea reemplazar una parte de la malla perimetral, de aproximadamente 360 metros.<\/p>\n\n\n\n<p>Sin embargo, consider\u00f3 que ese dinero alcanzar\u00eda para atender m\u00e1s necesidades del cerro y no solo para lo que plantea el ayuntamiento.<\/p>\n\n\n\n<p>\u201cHicimos algunas cotizaciones y nos dimos cuenta de que no correspond\u00eda el monto del proyecto con este punto de la rehabilitaci\u00f3n o reintegraci\u00f3n de la malla\u201d.<\/p>\n\n\n\n<p>El entrevistado record\u00f3 que ha solicitado a las autoridades que involucren a los vecinos, corredores e integrantes del patronato en la elaboraci\u00f3n del proyecto para la rehabilitaci\u00f3n del lugar.<\/p>\n\n\n\n<p>Refiri\u00f3 que desde hace un mes solicitaron que el proyecto fuese presentado a los vecinos; sin embargo, hasta el momento, no ha sido entregado.<\/p>\n\n\n\n<p>\u201cIntegramos un comit\u00e9, convocamos a lo actores y los hicimos que participaran en una propuesta preliminar para rehabilitar una cancha de f\u00fatbol que hay en la gravera, para rehabilitar el \u00e1rea del teatro al aire libre, para rehabilitar algunas partes del museo a la fauna\u201d.<\/p>\n","protected":false},"excerpt":{"rendered":"<p>Juan Arcos Xalapa, Ver.- El presupuesto de 3 millones de pesos para la rehabilitaci\u00f3n del Parque Ecol\u00f3gico Macuilt\u00e9petl no corresponde al monto del proyecto que elabora el ayuntamiento de Xalapa. De acuerdo con Sergio Humberto Aguilar Rodr\u00edguez, director del Patronato del parque mencionado, el gobierno municipal s\u00f3lo plantea reemplazar una parte de la malla perimetral, [&hellip;]<\/p>\n","protected":false},"author":1,"featured_media":14576,"comment_status":"open","ping_status":"open","sticky":false,"template":"","format":"standard","meta":{"_jetpack_memberships_contains_paid_content":false,"footnotes":""},"categories":[3],"tags":[],"class_list":["post-14575","post","type-post","status-publish","format-standard","has-post-thumbnail","hentry","category-xalapa"],"jetpack_featured_media_url":"https:\/\/encuentroinformativo.com.mx\/wp-content\/uploads\/2021\/05\/5367ACBB-44E4-417A-B37C-C7AE6B02475A.jpeg","jetpack_sharing_enabled":true,"jetpack_likes_enabled":true,"amp_enabled":true,"_links":{"self":[{"href":"https:\/\/encuentroinformativo.com.mx\/index.php?rest_route=\/wp\/v2\/posts\/14575","targetHints":{"allow":["GET"]}}],"collection":[{"href":"https:\/\/encuentroinformativo.com.mx\/index.php?rest_route=\/wp\/v2\/posts"}],"about":[{"href":"https:\/\/encuentroinformativo.com.mx\/index.php?rest_route=\/wp\/v2\/types\/post"}],"author":[{"embeddable":true,"href":"https:\/\/encuentroinformativo.com.mx\/index.php?rest_route=\/wp\/v2\/users\/1"}],"replies":[{"embeddable":true,"href":"https:\/\/encuentroinformativo.com.mx\/index.php?rest_route=%2Fwp%2Fv2%2Fcomments&post=14575"}],"version-history":[{"count":1,"href":"https:\/\/encuentroinformativo.com.mx\/index.php?rest_route=\/wp\/v2\/posts\/14575\/revisions"}],"predecessor-version":[{"id":14577,"href":"https:\/\/encuentroinformativo.com.mx\/index.php?rest_route=\/wp\/v2\/posts\/14575\/revisions\/14577"}],"wp:featuredmedia":[{"embeddable":true,"href":"https:\/\/encuentroinformativo.com.mx\/index.php?rest_route=\/wp\/v2\/media\/14576"}],"wp:attachment":[{"href":"https:\/\/encuentroinformativo.com.mx\/index.php?rest_route=%2Fwp%2Fv2%2Fmedia&parent=14575"}],"wp:term":[{"taxonomy":"category","embeddable":true,"href":"https:\/\/encuentroinformativo.com.mx\/index.php?rest_route=%2Fwp%2Fv2%2Fcategories&post=14575"},{"taxonomy":"post_tag","embeddable":true,"href":"https:\/\/encuentroinformativo.com.mx\/index.php?rest_route=%2Fwp%2Fv2%2Ftags&post=14575"}],"curies":[{"name":"wp","href":"https:\/\/api.w.org\/{rel}","templated":true}]}}