{"id":1458,"date":"2020-03-31T12:28:16","date_gmt":"2020-03-31T18:28:16","guid":{"rendered":"https:\/\/encuentroinformativo.com\/?p=1458"},"modified":"2020-03-31T12:28:18","modified_gmt":"2020-03-31T18:28:18","slug":"ferieros-tambien-reclaman-apoyos-de-las-autoridades","status":"publish","type":"post","link":"https:\/\/encuentroinformativo.com.mx\/?p=1458","title":{"rendered":"Ferieros tambi\u00e9n reclaman apoyos de las autoridades"},"content":{"rendered":"\n<p><strong>Dar\u00edo Pale <\/strong><\/p>\n\n\n\n<p>Xalapa, Ver.- Los Ferieros Unidos del Estado de Veracruz marcharon desde el Teatro del Estado hasta la Plaza Lerdo, para hacer entrega de un oficio donde solicitan que les otorguen alg\u00fan apoyo o les permitan seguir trabajando.<\/p>\n\n\n\n<p>Entrevistado durante la manifestaci\u00f3n Henry Landa Morales, se\u00f1al\u00f3 que debido a la pandemia no tienen trabajo, est\u00e1n sin empleo por lo que marcharon de forma pac\u00edfica por las calles del centro de la ciudad del Teatro del Estado hasta la Plaza Lerdo.<\/p>\n\n\n\n<p>Son m\u00e1s de 200 personas entre comerciantes, por lo que est\u00e1n viendo si es posible que trabajen de lo contrario solicitar\u00e1n apoyos para poder sostener a sus familias en esta temporada.<\/p>\n\n\n\n<p>Se\u00f1al\u00f3 que piensan hacerle llegar un oficio al gobernador del estado para que sean tomados en cuenta por el gobierno federal y estatal, ya que vienen de Orizaba, C\u00f3rdoba, Fortin de las Flores y Xalapa.<\/p>\n\n\n\n<p>En el oficio se lee lo siguiente:<\/p>\n\n\n\n<p>\u201cSe\u00f1or gobernador los feriantes del Estado de Veracruz les solicitamos nos permita seguir laborando en las ferias estatales o seamos tomados en cuenta en el plan emergente econ\u00f3mico para apoyar a micro, peque\u00f1as y medianas empresas de Veracruz, con el fin de mitigar el gran da\u00f1o causado a nuestra econom\u00eda, por causa de esta contingencia\u201d, se lee en el documento.<\/p>\n\n\n\n<p>Finalmente cabe se\u00f1alar que dicho documento viene firmado por los feriantes de los diferentes municipios donde se encuentran y prestan sus servicios.<\/p>\n\n\n\n<p><\/p>\n","protected":false},"excerpt":{"rendered":"<p>Dar\u00edo Pale Xalapa, Ver.- Los Ferieros Unidos del Estado de Veracruz marcharon desde el Teatro del Estado hasta la Plaza Lerdo, para hacer entrega de un oficio donde solicitan que les otorguen alg\u00fan apoyo o les permitan seguir trabajando. Entrevistado durante la manifestaci\u00f3n Henry Landa Morales, se\u00f1al\u00f3 que debido a la pandemia no tienen trabajo, [&hellip;]<\/p>\n","protected":false},"author":1,"featured_media":1459,"comment_status":"open","ping_status":"open","sticky":false,"template":"","format":"standard","meta":{"_jetpack_memberships_contains_paid_content":false,"footnotes":""},"categories":[3],"tags":[],"class_list":["post-1458","post","type-post","status-publish","format-standard","has-post-thumbnail","hentry","category-xalapa"],"jetpack_featured_media_url":"https:\/\/encuentroinformativo.com.mx\/wp-content\/uploads\/2020\/03\/9375F018-F23B-40B3-A96B-868E18E9A238.jpeg","jetpack_sharing_enabled":true,"jetpack_likes_enabled":true,"amp_enabled":true,"_links":{"self":[{"href":"https:\/\/encuentroinformativo.com.mx\/index.php?rest_route=\/wp\/v2\/posts\/1458","targetHints":{"allow":["GET"]}}],"collection":[{"href":"https:\/\/encuentroinformativo.com.mx\/index.php?rest_route=\/wp\/v2\/posts"}],"about":[{"href":"https:\/\/encuentroinformativo.com.mx\/index.php?rest_route=\/wp\/v2\/types\/post"}],"author":[{"embeddable":true,"href":"https:\/\/encuentroinformativo.com.mx\/index.php?rest_route=\/wp\/v2\/users\/1"}],"replies":[{"embeddable":true,"href":"https:\/\/encuentroinformativo.com.mx\/index.php?rest_route=%2Fwp%2Fv2%2Fcomments&post=1458"}],"version-history":[{"count":1,"href":"https:\/\/encuentroinformativo.com.mx\/index.php?rest_route=\/wp\/v2\/posts\/1458\/revisions"}],"predecessor-version":[{"id":1460,"href":"https:\/\/encuentroinformativo.com.mx\/index.php?rest_route=\/wp\/v2\/posts\/1458\/revisions\/1460"}],"wp:featuredmedia":[{"embeddable":true,"href":"https:\/\/encuentroinformativo.com.mx\/index.php?rest_route=\/wp\/v2\/media\/1459"}],"wp:attachment":[{"href":"https:\/\/encuentroinformativo.com.mx\/index.php?rest_route=%2Fwp%2Fv2%2Fmedia&parent=1458"}],"wp:term":[{"taxonomy":"category","embeddable":true,"href":"https:\/\/encuentroinformativo.com.mx\/index.php?rest_route=%2Fwp%2Fv2%2Fcategories&post=1458"},{"taxonomy":"post_tag","embeddable":true,"href":"https:\/\/encuentroinformativo.com.mx\/index.php?rest_route=%2Fwp%2Fv2%2Ftags&post=1458"}],"curies":[{"name":"wp","href":"https:\/\/api.w.org\/{rel}","templated":true}]}}