{"id":14588,"date":"2021-05-27T20:24:57","date_gmt":"2021-05-28T01:24:57","guid":{"rendered":"https:\/\/encuentroinformativo.com.mx\/?p=14588"},"modified":"2021-05-27T20:25:01","modified_gmt":"2021-05-28T01:25:01","slug":"cadena-comercial-invertiria-40-mdp-en-jamapa","status":"publish","type":"post","link":"https:\/\/encuentroinformativo.com.mx\/?p=14588","title":{"rendered":"Cadena comercial invertir\u00eda 40 mdp en Jamapa"},"content":{"rendered":"\n<p><strong>Alejandro \u00c1vila<\/strong><\/p>\n\n\n\n<p>Jamapa, Ver.- Grupo <em>Walmart<\/em>, tiene pl\u00e1ticas muy avanzadas con el aspirante a la alcald\u00eda de Jamapa por la alianza &#8220;Veracruz Va&#8221;, Arturo Vega, para concretar la creaci\u00f3n de un supermercado en la cabecera municipal, a fin de denotar la econom\u00eda local y crear diversas fuentes de empleo.<\/p>\n\n\n\n<p>Durante la presentaci\u00f3n de sus propuestas de trabajo, Arturo Vega, reconoci\u00f3 que municipios colindantes como Medell\u00edn de Bravo, Alvarado, Boca del R\u00edo y Veracruz, han crecido de forma exponencial con los, mientras que Jamapa ha sido olvidado, debido a la falta de experiencia de sus gobernantes en el servicio p\u00fablico.<\/p>\n\n\n\n<p>&#8220;Quiero comentarles que mi equipo, ha estado ya en contacto y comunicaci\u00f3n con una de las principales cadenas comerciales, para que en Jamapa tengamos un supermercado de una cadena de renombre internacional. Esto permitir\u00e1 que la econom\u00eda y el efectivo circulante se queden en nuestro municipio. Esta inversi\u00f3n, ser\u00e1 o rondar\u00e1 los 40 millones de pesos&#8221;, asest\u00f3.<\/p>\n\n\n\n<p>El supermercado <em>Aurrer\u00e1<\/em>, ofrecer\u00e1, dijo, 280 empleos directos a familias jamapenses y 1 120 familias se ver\u00e1n beneficiadas de forma indirecta.<\/p>\n\n\n\n<p>Adem\u00e1s, se priorizar\u00e1 que los puestos gerenciales sean para ciudadanos jamapenses y no para personas de otros municipios o estados.<\/p>\n","protected":false},"excerpt":{"rendered":"<p>Alejandro \u00c1vila Jamapa, Ver.- Grupo Walmart, tiene pl\u00e1ticas muy avanzadas con el aspirante a la alcald\u00eda de Jamapa por la alianza &#8220;Veracruz Va&#8221;, Arturo Vega, para concretar la creaci\u00f3n de un supermercado en la cabecera municipal, a fin de denotar la econom\u00eda local y crear diversas fuentes de empleo. Durante la presentaci\u00f3n de sus propuestas [&hellip;]<\/p>\n","protected":false},"author":1,"featured_media":14589,"comment_status":"open","ping_status":"open","sticky":false,"template":"","format":"standard","meta":{"_jetpack_memberships_contains_paid_content":false,"footnotes":""},"categories":[2],"tags":[],"class_list":["post-14588","post","type-post","status-publish","format-standard","has-post-thumbnail","hentry","category-estado"],"jetpack_featured_media_url":"https:\/\/encuentroinformativo.com.mx\/wp-content\/uploads\/2021\/05\/6F3550E4-14A8-4AAA-999F-904F4F3D826C.jpeg","jetpack_sharing_enabled":true,"jetpack_likes_enabled":true,"amp_enabled":true,"_links":{"self":[{"href":"https:\/\/encuentroinformativo.com.mx\/index.php?rest_route=\/wp\/v2\/posts\/14588","targetHints":{"allow":["GET"]}}],"collection":[{"href":"https:\/\/encuentroinformativo.com.mx\/index.php?rest_route=\/wp\/v2\/posts"}],"about":[{"href":"https:\/\/encuentroinformativo.com.mx\/index.php?rest_route=\/wp\/v2\/types\/post"}],"author":[{"embeddable":true,"href":"https:\/\/encuentroinformativo.com.mx\/index.php?rest_route=\/wp\/v2\/users\/1"}],"replies":[{"embeddable":true,"href":"https:\/\/encuentroinformativo.com.mx\/index.php?rest_route=%2Fwp%2Fv2%2Fcomments&post=14588"}],"version-history":[{"count":1,"href":"https:\/\/encuentroinformativo.com.mx\/index.php?rest_route=\/wp\/v2\/posts\/14588\/revisions"}],"predecessor-version":[{"id":14590,"href":"https:\/\/encuentroinformativo.com.mx\/index.php?rest_route=\/wp\/v2\/posts\/14588\/revisions\/14590"}],"wp:featuredmedia":[{"embeddable":true,"href":"https:\/\/encuentroinformativo.com.mx\/index.php?rest_route=\/wp\/v2\/media\/14589"}],"wp:attachment":[{"href":"https:\/\/encuentroinformativo.com.mx\/index.php?rest_route=%2Fwp%2Fv2%2Fmedia&parent=14588"}],"wp:term":[{"taxonomy":"category","embeddable":true,"href":"https:\/\/encuentroinformativo.com.mx\/index.php?rest_route=%2Fwp%2Fv2%2Fcategories&post=14588"},{"taxonomy":"post_tag","embeddable":true,"href":"https:\/\/encuentroinformativo.com.mx\/index.php?rest_route=%2Fwp%2Fv2%2Ftags&post=14588"}],"curies":[{"name":"wp","href":"https:\/\/api.w.org\/{rel}","templated":true}]}}