{"id":14591,"date":"2021-05-28T09:23:31","date_gmt":"2021-05-28T14:23:31","guid":{"rendered":"https:\/\/encuentroinformativo.com.mx\/?p=14591"},"modified":"2021-05-28T09:23:36","modified_gmt":"2021-05-28T14:23:36","slug":"descarrilados","status":"publish","type":"post","link":"https:\/\/encuentroinformativo.com.mx\/?p=14591","title":{"rendered":"DESCARRILADOS"},"content":{"rendered":"\n<p><strong>@pablojair<\/strong><\/p>\n\n\n\n<p>\u00bfY ahora qu\u00e9 diario brit\u00e1nico se leyeron esta ma\u00f1ana, mis ni\u00f1os?<br>\u2014Chopenjawer<\/p>\n\n\n\n<p>La ambici\u00f3n por tener la alcald\u00eda de Veracruz fue un plan improvisado de \u00faltima hora por parte de Miguel \u00c1ngel Yunes M\u00e1rquez.<\/p>\n\n\n\n<p>Y es que el patriarca y los hijos metidos a la pol\u00edtica nunca contemplaron el escenario fatal de 2018, cuando el mayorcito de los Yunes M\u00e1rquez perdi\u00f3 la gubernatura ante el morenista Cuitl\u00e1huac Garc\u00eda Jim\u00e9nez, en una de las votaciones m\u00e1s copiosas en la historia del estado.<\/p>\n\n\n\n<p>Fue un trago muy amargo y dif\u00edcil de digerir para Miguel junior, al grado de que tard\u00f3 varias horas en admitir los resultados no favorables.<\/p>\n\n\n\n<p>En su discurso de aceptaci\u00f3n de la derrota, fue inevitable su cara descompuesta, las muecas del fracaso, su voz renuente. Al final, un deseo de \u00e9xito al gobernador electo que sonaba m\u00e1s a una mentada de madre llena de coraje.<\/p>\n\n\n\n<p>La vieja escuela dicta que cuando un funcionario sale de un alto cargo por el que estuvo mucho tiempo, lo m\u00e1s sabio es alejarse de la pol\u00edtica y tomarse un buen tiempo de vacaciones. Los pudientes, los que robaron chido, los que tienen con qu\u00e9, viajan incluso al extranjero para desconectarse completamente por varios meses. La misma regla aplica para quienes tambi\u00e9n deciden desaparecerse del escenario pol\u00edtico para que el ganador de la contienda pueda gobernar con un ambiente tranquilo.<\/p>\n\n\n\n<p>Eso quiz\u00e1s fue el motivo por el cual Miguel Jr. decidi\u00f3 exiliarse por un tiempo, y as\u00ed asimilar el escenario que no ten\u00edan contemplado: el de perder la gubernatura. Viajar por el mundo ser\u00eda el mejor aliciente, la mejor medicina.<\/p>\n\n\n\n<p>Y es que los Yunes no estaban s\u00f3lo confiados, sino seguros de que iban a ganar sin problema. Ten\u00edan todo para hacerlo: pap\u00e1 gobernador, polic\u00eda, mucho dinero, operadores y poder\u2026 Pero nunca esperaron el voto de castigo y el fen\u00f3meno L\u00f3pez Obrador, que literalmente barri\u00f3 con todos en Veracruz.<\/p>\n\n\n\n<p>Luego entonces, Cuitl\u00e1huac asumi\u00f3 como gobernador y Yunes M\u00e1rquez se perdi\u00f3 del panorama por un buen rato.<\/p>\n\n\n\n<p>Pas\u00f3 el tiempo y de repente reaparece Miguel filtrando sus intenciones de ir por la candidatura a la Presidencia Municipal del puerto de Veracruz, relevando a su propio hermano Fernando (pareciera que no entendieron el mensaje de 2018, cuando fue muy aborrecible la idea de heredar el cargo de gobernador de manos de su padre).<\/p>\n\n\n\n<p>Lo anterior, como trampol\u00edn para de ah\u00ed otra vez intentar como candidato a la gubernatura en el 2024.<\/p>\n\n\n\n<p>El Ayuntamiento de Veracruz es un mundo de dinero (el presupuesto m\u00e1s grande en la entidad, m\u00e1s las donaciones y recursos federales), y otra de las reglas de la vieja pol\u00edtica es que uno nunca debe invertir de su propia lana: para eso est\u00e1n el presupuesto y los patrocinadores.<\/p>\n\n\n\n<p>Para Yunes M\u00e1rquez era prioritario ganar la alcald\u00eda de Veracruz y por eso le arrebat\u00f3 la candidatura a quien ya se mostraba como el aspirante natural y con amplias posibilidades de triunfo, el diputado local del PAN, Bingen Rementer\u00eda Molina. Las elecciones internas se realizaron el 14 de febrero, y mostraron el lado que siempre usan los Yunes para estos casos: el de la violencia, reventando la elecci\u00f3n interna y golpeando a simpatizantes de su adversario pol\u00edtico.<\/p>\n\n\n\n<p>Quiz\u00e1s fue tanta la premura de Yunes M\u00e1rquez por ganar la candidatura, que cometi\u00f3 un error b\u00e1sico, un desliz muy infantil: no tener comprobada la residencia efectiva.<\/p>\n\n\n\n<p>Este peque\u00f1o error le cost\u00f3 las aspiraciones, pero adem\u00e1s se le hizo m\u00e1s bola el engrudo porque involucr\u00f3 a funcionarios municipales (incluido a su propio hermano) en el presunto uso de documentos indebidos al falsear su domicilio particular en un departamento en el municipio de Veracruz, siendo que es p\u00fablica y muy conocida su mansi\u00f3n en el municipio de Alvarado.<\/p>\n\n\n\n<p>Y ese fue el motivo por el cual, de manera un\u00e1nime, tanto el Tribunal Electoral de Veracruz, como el Tribunal Electoral del Poder Judicial de la Federaci\u00f3n, le retiraron la candidatura a la Presidencia Municipal de Veracruz al considerarse inelegible: ni naci\u00f3 en el puerto ni ten\u00eda la residencia efectiva de 3 a\u00f1os que se pide por ley.<\/p>\n\n\n\n<p>Pero el tema no se qued\u00f3 ah\u00ed: le deton\u00f3 un asunto penal en la Fiscal\u00eda General del Estado del que podr\u00eda haber noticias sorprendentes en los pr\u00f3ximos d\u00edas.<\/p>\n\n\n\n<p>Aunado a lo anterior, hay otra situaci\u00f3n que tambi\u00e9n tumba las aspiraciones de Miguel en el 2024, pues no s\u00f3lo no ser\u00e1 candidato del ayuntamiento con m\u00e1s presupuesto y presencia en el estado, sino que su falta de residencia efectiva tambi\u00e9n le anula posibilidades para ser candidato a gobernador: por ley, debe tener 5 a\u00f1os m\u00ednimo de residencia antes a la fecha de la elecci\u00f3n.<\/p>\n\n\n\n<p>Por lo anterior, el asunto para los Yunes M\u00e1rquez ya se complic\u00f3 y parece que los dos hermanos no prev\u00e9n que se convertir\u00e1n en blancos de la Fiscal\u00eda General del Estado por los delitos presuntamente cometidos para cumplir el capricho fallido de Miguel como candidato a la alcald\u00eda de Veracruz. (Fernando tiene fuero, por lo podr\u00edan desaforarlo o simplemente capturarlo una vez que lo pierda, dentro de unos meses).<\/p>\n\n\n\n<p>Aparte, el haber dejado Miguel a su esposa \u201cJuanita\u201d Lobeira como candidata sustituta, s\u00f3lo la expone y la coloca en una situaci\u00f3n vulnerable donde los Yunes no podr\u00e1n estar cerca para protegerla, porque probablemente est\u00e9n huyendo\u2026 o en el bote.<\/p>\n\n\n\n<p>En este sentido, a Miguel podr\u00eda terminarle pasando lo mismo que al exgobernador Javier Duarte de Ochoa: verse lejos de su familia y del poder, en medio del repudio.<\/p>\n\n\n\n<p>Precisamente la noche de este jueves, quien reapareci\u00f3 fue Javid\u00fa, compartiendo con un texto en su cuenta de Twitter la columna del analista pol\u00edtico Salvador Garc\u00eda Soto, donde se revela que el patriarca Miguel \u00c1ngel Yunes Linares est\u00e1 enfermo y est\u00e1 pidiendo al presidente clemencia para su familia.<\/p>\n\n\n\n<p>Imag\u00ednenlo con su vocecita tan caracter\u00edstica: \u201cCon la misma vara que mides ser\u00e1s medido. #YunesCobardeYChill\u00f3n #Karma\u201d<\/p>\n","protected":false},"excerpt":{"rendered":"<p>@pablojair \u00bfY ahora qu\u00e9 diario brit\u00e1nico se leyeron esta ma\u00f1ana, mis ni\u00f1os?\u2014Chopenjawer La ambici\u00f3n por tener la alcald\u00eda de Veracruz fue un plan improvisado de \u00faltima hora por parte de Miguel \u00c1ngel Yunes M\u00e1rquez. Y es que el patriarca y los hijos metidos a la pol\u00edtica nunca contemplaron el escenario fatal de 2018, cuando el [&hellip;]<\/p>\n","protected":false},"author":1,"featured_media":488,"comment_status":"open","ping_status":"open","sticky":false,"template":"","format":"standard","meta":{"_jetpack_memberships_contains_paid_content":false,"footnotes":""},"categories":[11],"tags":[],"class_list":["post-14591","post","type-post","status-publish","format-standard","has-post-thumbnail","hentry","category-opinion"],"jetpack_featured_media_url":"https:\/\/encuentroinformativo.com.mx\/wp-content\/uploads\/2020\/03\/F471F608-BA1A-416B-BA7B-BCFB24F4E6D0.jpeg","jetpack_sharing_enabled":true,"jetpack_likes_enabled":true,"amp_enabled":true,"_links":{"self":[{"href":"https:\/\/encuentroinformativo.com.mx\/index.php?rest_route=\/wp\/v2\/posts\/14591","targetHints":{"allow":["GET"]}}],"collection":[{"href":"https:\/\/encuentroinformativo.com.mx\/index.php?rest_route=\/wp\/v2\/posts"}],"about":[{"href":"https:\/\/encuentroinformativo.com.mx\/index.php?rest_route=\/wp\/v2\/types\/post"}],"author":[{"embeddable":true,"href":"https:\/\/encuentroinformativo.com.mx\/index.php?rest_route=\/wp\/v2\/users\/1"}],"replies":[{"embeddable":true,"href":"https:\/\/encuentroinformativo.com.mx\/index.php?rest_route=%2Fwp%2Fv2%2Fcomments&post=14591"}],"version-history":[{"count":1,"href":"https:\/\/encuentroinformativo.com.mx\/index.php?rest_route=\/wp\/v2\/posts\/14591\/revisions"}],"predecessor-version":[{"id":14592,"href":"https:\/\/encuentroinformativo.com.mx\/index.php?rest_route=\/wp\/v2\/posts\/14591\/revisions\/14592"}],"wp:featuredmedia":[{"embeddable":true,"href":"https:\/\/encuentroinformativo.com.mx\/index.php?rest_route=\/wp\/v2\/media\/488"}],"wp:attachment":[{"href":"https:\/\/encuentroinformativo.com.mx\/index.php?rest_route=%2Fwp%2Fv2%2Fmedia&parent=14591"}],"wp:term":[{"taxonomy":"category","embeddable":true,"href":"https:\/\/encuentroinformativo.com.mx\/index.php?rest_route=%2Fwp%2Fv2%2Fcategories&post=14591"},{"taxonomy":"post_tag","embeddable":true,"href":"https:\/\/encuentroinformativo.com.mx\/index.php?rest_route=%2Fwp%2Fv2%2Ftags&post=14591"}],"curies":[{"name":"wp","href":"https:\/\/api.w.org\/{rel}","templated":true}]}}