{"id":14599,"date":"2021-05-28T13:28:21","date_gmt":"2021-05-28T18:28:21","guid":{"rendered":"https:\/\/encuentroinformativo.com.mx\/?p=14599"},"modified":"2021-05-28T13:28:25","modified_gmt":"2021-05-28T18:28:25","slug":"bomberos-solicitan-apoyo-para-reparacion-de-instalaciones","status":"publish","type":"post","link":"https:\/\/encuentroinformativo.com.mx\/?p=14599","title":{"rendered":"Bomberos solicitan apoyo para reparaci\u00f3n de instalaciones"},"content":{"rendered":"\n<p><strong>Juan Arcos<\/strong><\/p>\n\n\n\n<p>Xalapa, Ver.- El techo del dormitorio general de los bomberos de Xalapa est\u00e1 a punto de colapsar en la Estaci\u00f3n Central, ubicada sobre la calle Ernesto Ortiz Medina de la colonia Obrera Campesina.<\/p>\n\n\n\n<p>De acuerdo con Jos\u00e9 Luis Acosta Hern\u00e1ndez, primer comandante de Bomberos, los arquitectos comentan que la losa est\u00e1 deteriorada y representa un riesgo para los rescatistas.<\/p>\n\n\n\n<p>\u201cEl \u00fanico consejo que me dieron es tumbarla, cambiarla por una nueva, porque el remediarla es parcharla, tumbar y el costo viene siendo lo mismo, se eleva el costo porque son varios metros\u201d.<\/p>\n\n\n\n<p>El entrevistado mencion\u00f3 que la vida de los bomberos no tiene precio y, por ello, se buscar\u00e1 atender el problema lo antes posible, mediante el patronato.<\/p>\n\n\n\n<p>\u201cEs la seguridad de los compa\u00f1eros y eso nos corresponde a nosotros, como comandancia y c\u00f3mo patronato nos interesa y nos compete. Ya coment\u00e9 con el patronato y tuve una respuesta excelente\u201d.<\/p>\n\n\n\n<p>Los bomberos de Xalapa piden el apoyo de la poblaci\u00f3n en general para la reparaci\u00f3n de su dormitorio general, pues temen que se registre un sismo que ocasione su ca\u00edda.<\/p>\n\n\n\n<p>\u201cEl dormitorio es mi prioridad ahorita porque los muchachos deben tener un buen lugar para descansar porque un bombero mal dormido y mal comido no va a funcionar\u201d.<\/p>\n\n\n\n<p>Los bomberos realizar\u00e1n un evento el s\u00e1bado 29 de mayo a las 11:00 horas en la central mencionada, donde ser\u00e1n expuestas 50 obras de arte para su venta y lo recaudado ser\u00eda destinado al mantenimiento de su dormitorio.<\/p>\n","protected":false},"excerpt":{"rendered":"<p>Juan Arcos Xalapa, Ver.- El techo del dormitorio general de los bomberos de Xalapa est\u00e1 a punto de colapsar en la Estaci\u00f3n Central, ubicada sobre la calle Ernesto Ortiz Medina de la colonia Obrera Campesina. De acuerdo con Jos\u00e9 Luis Acosta Hern\u00e1ndez, primer comandante de Bomberos, los arquitectos comentan que la losa est\u00e1 deteriorada y [&hellip;]<\/p>\n","protected":false},"author":1,"featured_media":14600,"comment_status":"open","ping_status":"open","sticky":false,"template":"","format":"standard","meta":{"_jetpack_memberships_contains_paid_content":false,"footnotes":""},"categories":[3],"tags":[],"class_list":["post-14599","post","type-post","status-publish","format-standard","has-post-thumbnail","hentry","category-xalapa"],"jetpack_featured_media_url":"https:\/\/encuentroinformativo.com.mx\/wp-content\/uploads\/2021\/05\/2D398A29-8C11-4BD7-AD2D-4459F6780237.jpeg","jetpack_sharing_enabled":true,"jetpack_likes_enabled":true,"amp_enabled":true,"_links":{"self":[{"href":"https:\/\/encuentroinformativo.com.mx\/index.php?rest_route=\/wp\/v2\/posts\/14599","targetHints":{"allow":["GET"]}}],"collection":[{"href":"https:\/\/encuentroinformativo.com.mx\/index.php?rest_route=\/wp\/v2\/posts"}],"about":[{"href":"https:\/\/encuentroinformativo.com.mx\/index.php?rest_route=\/wp\/v2\/types\/post"}],"author":[{"embeddable":true,"href":"https:\/\/encuentroinformativo.com.mx\/index.php?rest_route=\/wp\/v2\/users\/1"}],"replies":[{"embeddable":true,"href":"https:\/\/encuentroinformativo.com.mx\/index.php?rest_route=%2Fwp%2Fv2%2Fcomments&post=14599"}],"version-history":[{"count":1,"href":"https:\/\/encuentroinformativo.com.mx\/index.php?rest_route=\/wp\/v2\/posts\/14599\/revisions"}],"predecessor-version":[{"id":14601,"href":"https:\/\/encuentroinformativo.com.mx\/index.php?rest_route=\/wp\/v2\/posts\/14599\/revisions\/14601"}],"wp:featuredmedia":[{"embeddable":true,"href":"https:\/\/encuentroinformativo.com.mx\/index.php?rest_route=\/wp\/v2\/media\/14600"}],"wp:attachment":[{"href":"https:\/\/encuentroinformativo.com.mx\/index.php?rest_route=%2Fwp%2Fv2%2Fmedia&parent=14599"}],"wp:term":[{"taxonomy":"category","embeddable":true,"href":"https:\/\/encuentroinformativo.com.mx\/index.php?rest_route=%2Fwp%2Fv2%2Fcategories&post=14599"},{"taxonomy":"post_tag","embeddable":true,"href":"https:\/\/encuentroinformativo.com.mx\/index.php?rest_route=%2Fwp%2Fv2%2Ftags&post=14599"}],"curies":[{"name":"wp","href":"https:\/\/api.w.org\/{rel}","templated":true}]}}