{"id":146,"date":"2020-02-26T15:15:58","date_gmt":"2020-02-26T21:15:58","guid":{"rendered":"https:\/\/encuentroinformativodotcomdotmx.wordpress.com\/?p=146"},"modified":"2020-02-26T15:15:58","modified_gmt":"2020-02-26T21:15:58","slug":"recordamos-prd-solicita-a-presidencia-realizar-cambios-en-veracruz","status":"publish","type":"post","link":"https:\/\/encuentroinformativo.com.mx\/?p=146","title":{"rendered":"PRD solicita a Presidencia realizar cambios en Veracruz"},"content":{"rendered":"<p><img loading=\"lazy\" decoding=\"async\" class=\"size-medium wp-image-145 alignright\" src=\"https:\/\/encuentroinformativo.com.mx\/wp-content\/uploads\/2020\/02\/71cc3fae-81fb-40b7-a8e9-a4217a115517.jpg?w=300\" alt=\"\" width=\"300\" height=\"225\" srcset=\"https:\/\/encuentroinformativo.com.mx\/wp-content\/uploads\/2020\/02\/71cc3fae-81fb-40b7-a8e9-a4217a115517.jpg 1280w, https:\/\/encuentroinformativo.com.mx\/wp-content\/uploads\/2020\/02\/71cc3fae-81fb-40b7-a8e9-a4217a115517-300x225.jpg 300w, https:\/\/encuentroinformativo.com.mx\/wp-content\/uploads\/2020\/02\/71cc3fae-81fb-40b7-a8e9-a4217a115517-1024x768.jpg 1024w, https:\/\/encuentroinformativo.com.mx\/wp-content\/uploads\/2020\/02\/71cc3fae-81fb-40b7-a8e9-a4217a115517-768x576.jpg 768w, https:\/\/encuentroinformativo.com.mx\/wp-content\/uploads\/2020\/02\/71cc3fae-81fb-40b7-a8e9-a4217a115517-1200x900.jpg 1200w\" sizes=\"auto, (max-width: 300px) 100vw, 300px\" \/><\/p>\n<p><strong>Dar\u00edo Pale<\/strong><\/p>\n<p>Xalapa, Ver.- El gobernador del estado Cuitl\u00e1huac Garc\u00eda Jim\u00e9nez deber\u00eda irse al gabinete del presidente de M\u00e9xico Andr\u00e9s Manuel L\u00f3pez Obrador si es que de verdad est\u00e1 interesado en resolver la problem\u00e1tica, ya que no ha demostrados ser capaz de resolver los asuntos de Veracruz, \u00a0as\u00ed lo se\u00f1al\u00f3 el Presidente del Comit\u00e9 Directivo Estatal (CDE), del Partido de la Revoluci\u00f3n Democr\u00e1tica (PRD) Jes\u00fas Alberto Vel\u00e1zquez Flores.<\/p>\n<p>En conferencia de prensa realizada en conocido caf\u00e9 del centro de Xalapa, consider\u00f3 que la entidad debe ser dirigida por una persona con la preparaci\u00f3n suficiente dentro de la administraci\u00f3n p\u00fablica y con un compromiso real con las causas de los veracruzanos.<\/p>\n<p>&#8220;Nosotros lo hemos dicho que en Veracruz no hay una estrategia de seguridad, desde los primeros 100 d\u00edas de gobierno dijimos que el titular de la SSP deb\u00eda renunciar y el gobernador ten\u00eda que tomar decisiones pero no lo ha hecho; desgraciadamente no tenemos un gobernador que atienda los asuntos de la inseguridad, si el presidente quiere rescatar a Veracruz debe llevarse a Cuitl\u00e1huac Garc\u00eda a su gabinete y poner a un gobernador que sea competente y que pueda atender los problemas que tiene Veracruz&#8221; se\u00f1al\u00f3.<\/p>\n<p>Por lo que lament\u00f3 que en materia de seguridad la entidad veracruzana sea constantemente nota nacional por hechos violentos, la aparici\u00f3n de fosas clandestinas, entre muchos otros, sin que hasta la fecha las autoridades encargadas de la seguridad p\u00fablica hayan podido entregar resultados a la ciudadan\u00eda.<\/p>\n<p>Finalmente, consider\u00f3 que no existe una estrategia para garantizar el bienestar de los veracruzanos, por lo cual dijo que se deben realizar cambios tanto en la Secretar\u00eda de Seguridad P\u00fablica (SSP) como en la Fiscal\u00eda General del Estado (FGE) para poder devolver la calma a Veracruz.<\/p>\n","protected":false},"excerpt":{"rendered":"<p>Dar\u00edo Pale Xalapa, Ver.- El gobernador del estado Cuitl\u00e1huac Garc\u00eda Jim\u00e9nez deber\u00eda irse al gabinete del presidente de M\u00e9xico Andr\u00e9s Manuel L\u00f3pez Obrador si es que de verdad est\u00e1 interesado en resolver la problem\u00e1tica, ya que no ha demostrados ser capaz de resolver los asuntos de Veracruz, \u00a0as\u00ed lo se\u00f1al\u00f3 el Presidente del Comit\u00e9 Directivo [&hellip;]<\/p>\n","protected":false},"author":1,"featured_media":145,"comment_status":"open","ping_status":"open","sticky":false,"template":"","format":"standard","meta":{"_jetpack_memberships_contains_paid_content":false,"footnotes":""},"categories":[2],"tags":[],"class_list":["post-146","post","type-post","status-publish","format-standard","has-post-thumbnail","hentry","category-estado"],"jetpack_featured_media_url":"https:\/\/encuentroinformativo.com.mx\/wp-content\/uploads\/2020\/02\/71cc3fae-81fb-40b7-a8e9-a4217a115517.jpg","jetpack_sharing_enabled":true,"jetpack_likes_enabled":true,"amp_enabled":true,"_links":{"self":[{"href":"https:\/\/encuentroinformativo.com.mx\/index.php?rest_route=\/wp\/v2\/posts\/146","targetHints":{"allow":["GET"]}}],"collection":[{"href":"https:\/\/encuentroinformativo.com.mx\/index.php?rest_route=\/wp\/v2\/posts"}],"about":[{"href":"https:\/\/encuentroinformativo.com.mx\/index.php?rest_route=\/wp\/v2\/types\/post"}],"author":[{"embeddable":true,"href":"https:\/\/encuentroinformativo.com.mx\/index.php?rest_route=\/wp\/v2\/users\/1"}],"replies":[{"embeddable":true,"href":"https:\/\/encuentroinformativo.com.mx\/index.php?rest_route=%2Fwp%2Fv2%2Fcomments&post=146"}],"version-history":[{"count":0,"href":"https:\/\/encuentroinformativo.com.mx\/index.php?rest_route=\/wp\/v2\/posts\/146\/revisions"}],"wp:featuredmedia":[{"embeddable":true,"href":"https:\/\/encuentroinformativo.com.mx\/index.php?rest_route=\/wp\/v2\/media\/145"}],"wp:attachment":[{"href":"https:\/\/encuentroinformativo.com.mx\/index.php?rest_route=%2Fwp%2Fv2%2Fmedia&parent=146"}],"wp:term":[{"taxonomy":"category","embeddable":true,"href":"https:\/\/encuentroinformativo.com.mx\/index.php?rest_route=%2Fwp%2Fv2%2Fcategories&post=146"},{"taxonomy":"post_tag","embeddable":true,"href":"https:\/\/encuentroinformativo.com.mx\/index.php?rest_route=%2Fwp%2Fv2%2Ftags&post=146"}],"curies":[{"name":"wp","href":"https:\/\/api.w.org\/{rel}","templated":true}]}}