{"id":1461,"date":"2020-03-31T12:50:09","date_gmt":"2020-03-31T18:50:09","guid":{"rendered":"https:\/\/encuentroinformativo.com\/?p=1461"},"modified":"2020-03-31T12:50:11","modified_gmt":"2020-03-31T18:50:11","slug":"comerciantes-inconformes-por-restricciones-en-parque-de-coatepec","status":"publish","type":"post","link":"https:\/\/encuentroinformativo.com.mx\/?p=1461","title":{"rendered":"Comerciantes inconformes por restricciones en parque de Coatepec"},"content":{"rendered":"\n<p><strong>Juan Arcos<\/strong><\/p>\n\n\n\n<p>Coatepec, Ver.- Los comerciantes del parque Miguel Hidalgo de Coatepec presentaron una queja formal en el Palacio Municipal, para exigir una ampliaci\u00f3n de horario que les permita trabajar hasta la noche.<\/p>\n\n\n\n<p>Los 50 vendedores fijos y semifijos tambi\u00e9n pidieron una audiencia con el presidente municipal Luis Enrique Fern\u00e1ndez Peredo.<\/p>\n\n\n\n<p>De acuerdo con Israel Tlaxcalteco Vega, representante de los comeriantes adheridos a la Confederaci\u00f3n Revolucionaria de Obreros y Campesinos (CROC) en Coatepec, el cierre del parque ocasionar\u00eda una ca\u00edda total en ventas.<\/p>\n\n\n\n<p>El entrevistado mencion\u00f3 que desde hace unos 15 d\u00edas registraron p\u00e9rdidas econ\u00f3micas del 70 por ciento por la contingencia sanitaria.<\/p>\n\n\n\n<p>Cabe recordar que polic\u00edas municipales y personal de Protecci\u00f3n Civil del ayuntamiento de Coatepec acordonaron el parque, el lunes por la noche, para evitar la concentraci\u00f3n de personas y el posible contagio de coronavirus.<\/p>\n\n\n\n<p>En sesi\u00f3n de Cabildo, celebrada la tarde del lunes, el cuerpo edilicio acord\u00f3 que se intensificaran las medidas preventivas por la pandemia mundial del COVID-19, y se sitiar\u00e1 el parque mencionado.<\/p>\n\n\n\n<p>Adem\u00e1s, se determin\u00f3 que los comerciantes podr\u00e1n laborar en un horario de 8:00 a 18:00 horas, siempre y cuando las personas compren y se retiren del lugar.<\/p>\n\n\n\n<p>Los comerciantes demandan a las autoridades municipales que se les permita vender en un horario de 11:00 a 20:00 horas, toda vez que algunos negocios de comida registran mayores ventas por la noche.<\/p>\n\n\n\n<p>Los quejosos mencionaron que se reunir\u00edan con autoridades para llegar a un posible acuerdo.<\/p>\n","protected":false},"excerpt":{"rendered":"<p>Juan Arcos Coatepec, Ver.- Los comerciantes del parque Miguel Hidalgo de Coatepec presentaron una queja formal en el Palacio Municipal, para exigir una ampliaci\u00f3n de horario que les permita trabajar hasta la noche. Los 50 vendedores fijos y semifijos tambi\u00e9n pidieron una audiencia con el presidente municipal Luis Enrique Fern\u00e1ndez Peredo. De acuerdo con Israel [&hellip;]<\/p>\n","protected":false},"author":1,"featured_media":1462,"comment_status":"open","ping_status":"open","sticky":false,"template":"","format":"standard","meta":{"_jetpack_memberships_contains_paid_content":false,"footnotes":""},"categories":[8],"tags":[],"class_list":["post-1461","post","type-post","status-publish","format-standard","has-post-thumbnail","hentry","category-region"],"jetpack_featured_media_url":"https:\/\/encuentroinformativo.com.mx\/wp-content\/uploads\/2020\/03\/FC542AE6-E7AE-4BBE-8235-3F1A7845B630.jpeg","jetpack_sharing_enabled":true,"jetpack_likes_enabled":true,"amp_enabled":true,"_links":{"self":[{"href":"https:\/\/encuentroinformativo.com.mx\/index.php?rest_route=\/wp\/v2\/posts\/1461","targetHints":{"allow":["GET"]}}],"collection":[{"href":"https:\/\/encuentroinformativo.com.mx\/index.php?rest_route=\/wp\/v2\/posts"}],"about":[{"href":"https:\/\/encuentroinformativo.com.mx\/index.php?rest_route=\/wp\/v2\/types\/post"}],"author":[{"embeddable":true,"href":"https:\/\/encuentroinformativo.com.mx\/index.php?rest_route=\/wp\/v2\/users\/1"}],"replies":[{"embeddable":true,"href":"https:\/\/encuentroinformativo.com.mx\/index.php?rest_route=%2Fwp%2Fv2%2Fcomments&post=1461"}],"version-history":[{"count":1,"href":"https:\/\/encuentroinformativo.com.mx\/index.php?rest_route=\/wp\/v2\/posts\/1461\/revisions"}],"predecessor-version":[{"id":1463,"href":"https:\/\/encuentroinformativo.com.mx\/index.php?rest_route=\/wp\/v2\/posts\/1461\/revisions\/1463"}],"wp:featuredmedia":[{"embeddable":true,"href":"https:\/\/encuentroinformativo.com.mx\/index.php?rest_route=\/wp\/v2\/media\/1462"}],"wp:attachment":[{"href":"https:\/\/encuentroinformativo.com.mx\/index.php?rest_route=%2Fwp%2Fv2%2Fmedia&parent=1461"}],"wp:term":[{"taxonomy":"category","embeddable":true,"href":"https:\/\/encuentroinformativo.com.mx\/index.php?rest_route=%2Fwp%2Fv2%2Fcategories&post=1461"},{"taxonomy":"post_tag","embeddable":true,"href":"https:\/\/encuentroinformativo.com.mx\/index.php?rest_route=%2Fwp%2Fv2%2Ftags&post=1461"}],"curies":[{"name":"wp","href":"https:\/\/api.w.org\/{rel}","templated":true}]}}