{"id":14614,"date":"2021-05-28T16:03:22","date_gmt":"2021-05-28T21:03:22","guid":{"rendered":"https:\/\/encuentroinformativo.com.mx\/?p=14614"},"modified":"2021-05-28T16:03:26","modified_gmt":"2021-05-28T21:03:26","slug":"ex-trabajadores-de-limpieza-en-el-congreso-llevan-sus-protestas-a-plaza-lerdo","status":"publish","type":"post","link":"https:\/\/encuentroinformativo.com.mx\/?p=14614","title":{"rendered":"Ex trabajadores de limpieza en el Congreso llevan sus protestas a Plaza Lerdo"},"content":{"rendered":"\n<p><strong>Dar\u00edo Pale <\/strong><\/p>\n\n\n\n<p>Xalapa, Ver.- Cuatro personas que laboraban como trabajadores de limpieza en el Congreso del Estado se manifestaron en las escalinatas de la Catedral ya que fueron despedidos por represalias de la empresa y solicitan ser reincorporados a su trabajo.<\/p>\n\n\n\n<p>Entrevistados durante la manifestaci\u00f3n Monica Castillo quien fung\u00eda como la supervisora general desde el 2019 se\u00f1alo que fueron despedidos el d\u00eda 19 de forma injustificada ya que no les dieron a conocer el motivo por el cual procedieron de esa forma y est\u00e1n solicitando que los reinstalen en su trabajo, en un inicio fueron 6 trabajadores los despedidos de 17 que se manifestaron.<\/p>\n\n\n\n<p>Se\u00f1alaron que ese d\u00eda fueron apoyados por los diputados quienes bajaron a mostrarles su apoyo pero hasta el momento no se ha visto reflejado pese a que ya presentaron un documento oficial donde da\u00f1a conocer los hechos.<\/p>\n\n\n\n<p>La manifestaci\u00f3n que realizaron el d\u00eda de hoy es para que el gobernador se entere de lo que est\u00e1 andando con ellos y que est\u00e1n solicitando ser restituido en sus trabajos ya que tienen tres a\u00f1os laborando en el congreso y otros llevan m\u00e1s tiempo y solo los corrieron sin motivo alguno.<\/p>\n\n\n\n<p>El d\u00eda que fueron despedidos no se present\u00f3 el due\u00f1o solo lleg\u00f3 el abogado a decirles que ya no ten\u00edan contrato para laborar lo cual violenta sus derechos laborales, adem\u00e1s de que no les han pagado y fueron despedidos despu\u00e9s del da 17.<\/p>\n\n\n\n<p>Se\u00f1al\u00f3 que no contaban con un contrato formal ya que la empresa lleg\u00f3 el primero de marzo y hasta el 15 de abril les dan seguro y quer\u00edan que firmar\u00e1n un contrato del primero al 15 de abril, por lo cual no aceptaron y solo tienen como respaldo un recibo de n\u00f3mina de un pago.<\/p>\n\n\n\n<p>Finalmente se\u00f1alaron que est\u00e1n solicitando la recontrataci\u00f3n ya que debido a la pandemia es muy dif\u00edcil encontrar trabajo y ya fueron a la CEDH ya que hay un trabajador discapacitado y una trabajadora que es diab\u00e9tica el congreso le suministraba el medicamento y desconocen s situaci\u00f3n ya que no les ha dicho nada.<\/p>\n","protected":false},"excerpt":{"rendered":"<p>Dar\u00edo Pale Xalapa, Ver.- Cuatro personas que laboraban como trabajadores de limpieza en el Congreso del Estado se manifestaron en las escalinatas de la Catedral ya que fueron despedidos por represalias de la empresa y solicitan ser reincorporados a su trabajo. Entrevistados durante la manifestaci\u00f3n Monica Castillo quien fung\u00eda como la supervisora general desde el [&hellip;]<\/p>\n","protected":false},"author":1,"featured_media":14615,"comment_status":"open","ping_status":"open","sticky":false,"template":"","format":"standard","meta":{"_jetpack_memberships_contains_paid_content":false,"footnotes":""},"categories":[3],"tags":[],"class_list":["post-14614","post","type-post","status-publish","format-standard","has-post-thumbnail","hentry","category-xalapa"],"jetpack_featured_media_url":"https:\/\/encuentroinformativo.com.mx\/wp-content\/uploads\/2021\/05\/C7B9FC03-6D6A-4DE8-AC6B-E4246DDFDCBE.jpeg","jetpack_sharing_enabled":true,"jetpack_likes_enabled":true,"amp_enabled":true,"_links":{"self":[{"href":"https:\/\/encuentroinformativo.com.mx\/index.php?rest_route=\/wp\/v2\/posts\/14614","targetHints":{"allow":["GET"]}}],"collection":[{"href":"https:\/\/encuentroinformativo.com.mx\/index.php?rest_route=\/wp\/v2\/posts"}],"about":[{"href":"https:\/\/encuentroinformativo.com.mx\/index.php?rest_route=\/wp\/v2\/types\/post"}],"author":[{"embeddable":true,"href":"https:\/\/encuentroinformativo.com.mx\/index.php?rest_route=\/wp\/v2\/users\/1"}],"replies":[{"embeddable":true,"href":"https:\/\/encuentroinformativo.com.mx\/index.php?rest_route=%2Fwp%2Fv2%2Fcomments&post=14614"}],"version-history":[{"count":1,"href":"https:\/\/encuentroinformativo.com.mx\/index.php?rest_route=\/wp\/v2\/posts\/14614\/revisions"}],"predecessor-version":[{"id":14616,"href":"https:\/\/encuentroinformativo.com.mx\/index.php?rest_route=\/wp\/v2\/posts\/14614\/revisions\/14616"}],"wp:featuredmedia":[{"embeddable":true,"href":"https:\/\/encuentroinformativo.com.mx\/index.php?rest_route=\/wp\/v2\/media\/14615"}],"wp:attachment":[{"href":"https:\/\/encuentroinformativo.com.mx\/index.php?rest_route=%2Fwp%2Fv2%2Fmedia&parent=14614"}],"wp:term":[{"taxonomy":"category","embeddable":true,"href":"https:\/\/encuentroinformativo.com.mx\/index.php?rest_route=%2Fwp%2Fv2%2Fcategories&post=14614"},{"taxonomy":"post_tag","embeddable":true,"href":"https:\/\/encuentroinformativo.com.mx\/index.php?rest_route=%2Fwp%2Fv2%2Ftags&post=14614"}],"curies":[{"name":"wp","href":"https:\/\/api.w.org\/{rel}","templated":true}]}}