{"id":14620,"date":"2021-05-29T12:16:49","date_gmt":"2021-05-29T17:16:49","guid":{"rendered":"https:\/\/encuentroinformativo.com.mx\/?p=14620"},"modified":"2021-05-29T12:16:54","modified_gmt":"2021-05-29T17:16:54","slug":"reducen-horas-a-personal-suplente-de-hospital-civil-trabajadores-amenazan-con-paro","status":"publish","type":"post","link":"https:\/\/encuentroinformativo.com.mx\/?p=14620","title":{"rendered":"Reducen horas a personal suplente de Hospital Civil, trabajadores amenazan con \u2018paro\u2019"},"content":{"rendered":"\n<p><strong>Dar\u00edo Pale<\/strong><\/p>\n\n\n\n<p>Xalapa, Ver.- Debido a que les recortar\u00e1n las horas laborales a los empleados suplentes del Hospital Civil estos se ir\u00edan a paro de labores, as\u00ed lo informaron personal del nosocomio de forma an\u00f3nima.<\/p>\n\n\n\n<p>A partir de este lunes 31 de mayo, si no les aclaran un supuesto oficio en donde les reducen las horas laborales al 50 por ciento personal suplente del hospital regional advirti\u00f3 que iniciar\u00edan un paro de labores en el hospital doctor &#8220;Luis F. Nach\u00f3n&#8221;, en esta capital.<\/p>\n\n\n\n<p>De acuerdo con algunos de ellos que pidieron guardar el anonimato por temor a represalias, explicaron que les enviaron un oficio con los supuestos nuevos lineamientos que entrar\u00e1n en vigor a partir del 1 de junio y en el que se define que hay una reducci\u00f3n de horas laborales, adem\u00e1s, denunciaron que no cuentan con prestaciones y todav\u00eda siguen sin darles contrato formal, a pesar de que algunos tienen una antig\u00fcedad de entre 6 y 13 a\u00f1os.<\/p>\n\n\n\n<p>La instrucci\u00f3n es reducirles sus horarios laborales pr\u00e1cticamente a la mitad de las horas, es decir, ahora en lugar de hacer 24 guardias s\u00f3lo permitir\u00e1n que hagan 15 guardias quincenales pagando el salario m\u00ednimo, por lo que criticaron que este gobierno de la cuarta transformaci\u00f3n pase por encima de los derechos de los trabajadores y ninguna autoridad ni sindicatos quiera apoyarlos.<\/p>\n\n\n\n<p>El oficio de los lineamientos habr\u00eda sido circulando por los directivos del hospital y no por las oficinas centrales de SESVER, pero no tiene la firma de ning\u00fan titular ni ning\u00fan tipo de sello que lo avale, de la misma manera, indicaron que no est\u00e1n notificados oficialmente por ninguna jefatura, pero quieren que se les aclare.<\/p>\n\n\n\n<p>De no despejar todas sus dudas, los trabajadores advierten que iniciar\u00e1n un paro de labores, pues lo \u00fanico que piden es seguir sus turnos con sus respectivas 24 guardias con un horario y lugar fijo, e igual forma que por los a\u00f1os de antig\u00fcedad les den un contrato fijo.<\/p>\n\n\n\n<p>Finalmente, informaron que el lunes 31 de mayo esperar\u00e1n al director a partir de las 9 de la ma\u00f1ana y de no ser atendidos se ir\u00e1n a paro laboral.<\/p>\n","protected":false},"excerpt":{"rendered":"<p>Dar\u00edo Pale Xalapa, Ver.- Debido a que les recortar\u00e1n las horas laborales a los empleados suplentes del Hospital Civil estos se ir\u00edan a paro de labores, as\u00ed lo informaron personal del nosocomio de forma an\u00f3nima. A partir de este lunes 31 de mayo, si no les aclaran un supuesto oficio en donde les reducen las [&hellip;]<\/p>\n","protected":false},"author":1,"featured_media":14621,"comment_status":"open","ping_status":"open","sticky":false,"template":"","format":"standard","meta":{"_jetpack_memberships_contains_paid_content":false,"footnotes":""},"categories":[9],"tags":[],"class_list":["post-14620","post","type-post","status-publish","format-standard","has-post-thumbnail","hentry","category-salud"],"jetpack_featured_media_url":"https:\/\/encuentroinformativo.com.mx\/wp-content\/uploads\/2021\/05\/68BDBD4D-4200-4AFB-9568-FBAF7DBF9454.jpeg","jetpack_sharing_enabled":true,"jetpack_likes_enabled":true,"amp_enabled":true,"_links":{"self":[{"href":"https:\/\/encuentroinformativo.com.mx\/index.php?rest_route=\/wp\/v2\/posts\/14620","targetHints":{"allow":["GET"]}}],"collection":[{"href":"https:\/\/encuentroinformativo.com.mx\/index.php?rest_route=\/wp\/v2\/posts"}],"about":[{"href":"https:\/\/encuentroinformativo.com.mx\/index.php?rest_route=\/wp\/v2\/types\/post"}],"author":[{"embeddable":true,"href":"https:\/\/encuentroinformativo.com.mx\/index.php?rest_route=\/wp\/v2\/users\/1"}],"replies":[{"embeddable":true,"href":"https:\/\/encuentroinformativo.com.mx\/index.php?rest_route=%2Fwp%2Fv2%2Fcomments&post=14620"}],"version-history":[{"count":1,"href":"https:\/\/encuentroinformativo.com.mx\/index.php?rest_route=\/wp\/v2\/posts\/14620\/revisions"}],"predecessor-version":[{"id":14622,"href":"https:\/\/encuentroinformativo.com.mx\/index.php?rest_route=\/wp\/v2\/posts\/14620\/revisions\/14622"}],"wp:featuredmedia":[{"embeddable":true,"href":"https:\/\/encuentroinformativo.com.mx\/index.php?rest_route=\/wp\/v2\/media\/14621"}],"wp:attachment":[{"href":"https:\/\/encuentroinformativo.com.mx\/index.php?rest_route=%2Fwp%2Fv2%2Fmedia&parent=14620"}],"wp:term":[{"taxonomy":"category","embeddable":true,"href":"https:\/\/encuentroinformativo.com.mx\/index.php?rest_route=%2Fwp%2Fv2%2Fcategories&post=14620"},{"taxonomy":"post_tag","embeddable":true,"href":"https:\/\/encuentroinformativo.com.mx\/index.php?rest_route=%2Fwp%2Fv2%2Ftags&post=14620"}],"curies":[{"name":"wp","href":"https:\/\/api.w.org\/{rel}","templated":true}]}}