{"id":14623,"date":"2021-05-29T12:21:15","date_gmt":"2021-05-29T17:21:15","guid":{"rendered":"https:\/\/encuentroinformativo.com.mx\/?p=14623"},"modified":"2021-05-29T12:21:19","modified_gmt":"2021-05-29T17:21:19","slug":"continuan-reclamos-de-madres-de-ninos-con-cancer","status":"publish","type":"post","link":"https:\/\/encuentroinformativo.com.mx\/?p=14623","title":{"rendered":"Contin\u00faan reclamos de madres de ni\u00f1os con c\u00e1ncer"},"content":{"rendered":"\n<p><strong>Alejandro \u00c1vila<\/strong><\/p>\n\n\n\n<p>Veracruz, Ver. \u2013 La se\u00f1ora Cora de Jes\u00fas Rodr\u00edguez, vocera de las madres de ni\u00f1os con c\u00e1ncer en la Torre Pedi\u00e1trica, acudi\u00f3 a un evento organizado por la candidata a la alcald\u00eda de Veracruz, Patricia Lobeira Rodr\u00edguez, a quien respald\u00f3 en su aspiraci\u00f3n pol\u00edtica al se\u00f1alar que cuando iniciaron su lucha hace 3 a\u00f1os, fue ella y su marido los primeros que voltearon a brindarles apoyo.<\/p>\n\n\n\n<p>La se\u00f1ora Cora, quien durante m\u00e1s 25 meses ha denunciado la falta de medicamento en la Torre Pedi\u00e1trica, lament\u00f3 como el Gobierno del Estado las ha se\u00f1alado de \u201copositoras\u201d, a\u00fan sabiendo que el abasto de f\u00e1rmacos para los tratamientos oncol\u00f3gicos que necesitan sus hijos no es basto.<\/p>\n\n\n\n<p>\u201cOjal\u00e1 logre usted la meta de llegar a la alcald\u00eda para que una mujer nos represente, para que se d\u00e9 cuenta el gobierno que las mujeres s\u00ed que pueden, que podemos sacar adelante a nuestras familias, a nuestros hijos enfermos y que no nos hagan falta medicamentos, es una forma de pedirle que nos ayude a que ese gobierno que no nos escucha, y que nos dice siempre que somos opositores y que no tenemos hijos enfermos, que tristeza nos da, porque se olvidan al final del d\u00eda una madre lucha por un hijo hasta el final\u201d, resalt\u00f3.<\/p>\n\n\n\n<p>Cora de Jes\u00fas Rodr\u00edguez, con voz entrecortada, solicit\u00f3 a Paty Lobeira que, as\u00ed como los apoy\u00f3 durante su gesti\u00f3n en el DIF de Boca del R\u00edo, conf\u00eda en que lo har\u00e1 desde la presidencia municipal de Veracruz, pues como madre, sabe lo que se sufre por la salud de sus hijos.<\/p>\n\n\n\n<p>Paty Lobeira asegur\u00f3 que no dejar\u00e1 sola a las madres de ni\u00f1os con c\u00e1ncer y a ninguna otra que solicite el apoyo municipal, para eso tambi\u00e9n estar\u00e1 disponible el Centro Veracruzano de la Mujer, obra que se tiene presupuestada para su administraci\u00f3n.<\/p>\n\n\n\n<p>\u201cNosotros buscamos medicamentos y no somos escuchados, y desgraciadamente, hasta nuestras mismas autoridades del hospital no nos escuchan, no nos prestan atenci\u00f3n\u201d, asest\u00f3.<\/p>\n","protected":false},"excerpt":{"rendered":"<p>Alejandro \u00c1vila Veracruz, Ver. \u2013 La se\u00f1ora Cora de Jes\u00fas Rodr\u00edguez, vocera de las madres de ni\u00f1os con c\u00e1ncer en la Torre Pedi\u00e1trica, acudi\u00f3 a un evento organizado por la candidata a la alcald\u00eda de Veracruz, Patricia Lobeira Rodr\u00edguez, a quien respald\u00f3 en su aspiraci\u00f3n pol\u00edtica al se\u00f1alar que cuando iniciaron su lucha hace 3 [&hellip;]<\/p>\n","protected":false},"author":1,"featured_media":14624,"comment_status":"open","ping_status":"open","sticky":false,"template":"","format":"standard","meta":{"_jetpack_memberships_contains_paid_content":false,"footnotes":""},"categories":[2],"tags":[],"class_list":["post-14623","post","type-post","status-publish","format-standard","has-post-thumbnail","hentry","category-estado"],"jetpack_featured_media_url":"https:\/\/encuentroinformativo.com.mx\/wp-content\/uploads\/2021\/05\/B3DB5B2D-7C64-4B37-9CD3-C0BA90B12242.jpeg","jetpack_sharing_enabled":true,"jetpack_likes_enabled":true,"amp_enabled":true,"_links":{"self":[{"href":"https:\/\/encuentroinformativo.com.mx\/index.php?rest_route=\/wp\/v2\/posts\/14623","targetHints":{"allow":["GET"]}}],"collection":[{"href":"https:\/\/encuentroinformativo.com.mx\/index.php?rest_route=\/wp\/v2\/posts"}],"about":[{"href":"https:\/\/encuentroinformativo.com.mx\/index.php?rest_route=\/wp\/v2\/types\/post"}],"author":[{"embeddable":true,"href":"https:\/\/encuentroinformativo.com.mx\/index.php?rest_route=\/wp\/v2\/users\/1"}],"replies":[{"embeddable":true,"href":"https:\/\/encuentroinformativo.com.mx\/index.php?rest_route=%2Fwp%2Fv2%2Fcomments&post=14623"}],"version-history":[{"count":1,"href":"https:\/\/encuentroinformativo.com.mx\/index.php?rest_route=\/wp\/v2\/posts\/14623\/revisions"}],"predecessor-version":[{"id":14625,"href":"https:\/\/encuentroinformativo.com.mx\/index.php?rest_route=\/wp\/v2\/posts\/14623\/revisions\/14625"}],"wp:featuredmedia":[{"embeddable":true,"href":"https:\/\/encuentroinformativo.com.mx\/index.php?rest_route=\/wp\/v2\/media\/14624"}],"wp:attachment":[{"href":"https:\/\/encuentroinformativo.com.mx\/index.php?rest_route=%2Fwp%2Fv2%2Fmedia&parent=14623"}],"wp:term":[{"taxonomy":"category","embeddable":true,"href":"https:\/\/encuentroinformativo.com.mx\/index.php?rest_route=%2Fwp%2Fv2%2Fcategories&post=14623"},{"taxonomy":"post_tag","embeddable":true,"href":"https:\/\/encuentroinformativo.com.mx\/index.php?rest_route=%2Fwp%2Fv2%2Ftags&post=14623"}],"curies":[{"name":"wp","href":"https:\/\/api.w.org\/{rel}","templated":true}]}}