{"id":14635,"date":"2021-05-29T14:26:54","date_gmt":"2021-05-29T19:26:54","guid":{"rendered":"https:\/\/encuentroinformativo.com.mx\/?p=14635"},"modified":"2021-05-29T14:26:58","modified_gmt":"2021-05-29T19:26:58","slug":"deportistas-reclaman-apoyos-de-gobierno","status":"publish","type":"post","link":"https:\/\/encuentroinformativo.com.mx\/?p=14635","title":{"rendered":"Deportistas reclaman apoyos de Gobierno"},"content":{"rendered":"\n<p><strong>Dar\u00edo Pale <\/strong><\/p>\n\n\n\n<p>Xalapa, Ver.- Con la finalidad de solicitar la intervenci\u00f3n del gobernador Cuitl\u00e1huac Garc\u00eda Jim\u00e9nez en el Instituto Veracruzano del Deporte (IVD) dado que les est\u00e1n negando la posibilidad de participar en la competencia macrorregional que es el clasificatorio nacional regional que se realizar\u00e1 en Chetumal, Quintana Roo los d\u00edas 1 al 4 de junio, el presidente de la Asociaci\u00f3n Veracruzana de Luchas Asociadas, Gabriel \u00c1ngel \u00c1lvarez Quijano, se manifest\u00f3 junto con algunos atletas en la Plaza Lerdo.<\/p>\n\n\n\n<p>Entrevistado durante la manifestaci\u00f3n, explic\u00f3 que son 18 atletas los que estaban contemplados para la competencia macrorregional y el que se los impidan es un \u201cgran retroceso\u201d para el deporte veracruzano.<\/p>\n\n\n\n<p>Es por ello que solicit\u00f3 la intervenci\u00f3n del gobierno estatal pues acus\u00f3 que ellos trabajan sin un espacio por parte del municipio ni del gobierno del estado para practicar y con sus propios recursos est\u00e1n alquilando un lugar para practicar.<\/p>\n\n\n\n<p>Dio a conocer que no reciben ning\u00fan sueldo ni beca por parte el IVD, \u201ctoda la gente que est\u00e1 conmigo, entrenador, padre de familia, est\u00e1n colaborando de la mejor manera, pero se me hace muy cruel que en estos momentos nos dejen fuera de la participaci\u00f3n porque todos los padres de familia est\u00e1n colaborando y est\u00e1n muy molestos con que ocurra esto\u201d.<\/p>\n\n\n\n<p>\u201cNuestra inconformidad y manifestaci\u00f3n de manera pac\u00edfica es porque ayer nos enteramos que el Instituto Veracruzano del Deporte dej\u00f3 fuera el equipo dulce \u00a0de la participaci\u00f3n de los pr\u00f3ximos juegos nacionales, se me hace algo incoherente debido que yo tuve comunicaci\u00f3n con el Instituto y me dan el aviso de que tenemos que hacernos unas pruebas Covid para todos los entrenadores y atletas que van a participar\u201d, se\u00f1alo.<\/p>\n\n\n\n<p>Expuso que, aunque se realizaron las pruebas PCR, y se pag\u00f3 por ello para cumplir con los requisitos, ahora les digan que ya no acudir\u00e1n, \u201cse me hace incoherente que, si me est\u00e1n pidiendo las pruebas, me est\u00e1n hablando para darles informaci\u00f3n sobre c\u00f3mo se van a realizar los viajes, me mandan un oficio en el cual me indican el itinerario, la hora de salida, el hotel al que vamos a llegar y ahora resulta que al final de cuentas me indican que no estamos inscritos en el padr\u00f3n de lucha, se me hace incoherente\u201d, abund\u00f3.<\/p>\n\n\n\n<p>Dijo que les argumentan que no realizaron las peticiones en tiempo y forma; sin embargo, a su decir las inscripciones se realizaron conforme a los tiempos establecidos.<\/p>\n\n\n\n<p>\u201cEllos tienen un problema que no han podido resolver, para eso me han estado presionando a mi y eso le compete al Instituto Veracruzano resolverlo porque ellos son los que les dieron cabida a ese problema y gracias a ese problema generado por ellos mismos nosotros estamos pagando las consecuencias porque nos est\u00e1n dejando fuera de la participaci\u00f3n\u201d, finaliz\u00f3.<\/p>\n\n\n\n<figure class=\"wp-block-image size-large\"><img loading=\"lazy\" decoding=\"async\" width=\"1024\" height=\"768\" src=\"https:\/\/encuentroinformativo.com.mx\/wp-content\/uploads\/2021\/05\/2DCB834D-4E0B-4DFC-9FFD-3B8F8D00233C-1024x768.jpeg\" alt=\"\" class=\"wp-image-14637\" srcset=\"https:\/\/encuentroinformativo.com.mx\/wp-content\/uploads\/2021\/05\/2DCB834D-4E0B-4DFC-9FFD-3B8F8D00233C-1024x768.jpeg 1024w, https:\/\/encuentroinformativo.com.mx\/wp-content\/uploads\/2021\/05\/2DCB834D-4E0B-4DFC-9FFD-3B8F8D00233C-300x225.jpeg 300w, https:\/\/encuentroinformativo.com.mx\/wp-content\/uploads\/2021\/05\/2DCB834D-4E0B-4DFC-9FFD-3B8F8D00233C-768x576.jpeg 768w, https:\/\/encuentroinformativo.com.mx\/wp-content\/uploads\/2021\/05\/2DCB834D-4E0B-4DFC-9FFD-3B8F8D00233C-1536x1152.jpeg 1536w, https:\/\/encuentroinformativo.com.mx\/wp-content\/uploads\/2021\/05\/2DCB834D-4E0B-4DFC-9FFD-3B8F8D00233C.jpeg 1600w\" sizes=\"auto, (max-width: 1024px) 100vw, 1024px\" \/><\/figure>\n","protected":false},"excerpt":{"rendered":"<p>Dar\u00edo Pale Xalapa, Ver.- Con la finalidad de solicitar la intervenci\u00f3n del gobernador Cuitl\u00e1huac Garc\u00eda Jim\u00e9nez en el Instituto Veracruzano del Deporte (IVD) dado que les est\u00e1n negando la posibilidad de participar en la competencia macrorregional que es el clasificatorio nacional regional que se realizar\u00e1 en Chetumal, Quintana Roo los d\u00edas 1 al 4 de [&hellip;]<\/p>\n","protected":false},"author":1,"featured_media":14636,"comment_status":"open","ping_status":"open","sticky":false,"template":"","format":"standard","meta":{"_jetpack_memberships_contains_paid_content":false,"footnotes":""},"categories":[3],"tags":[],"class_list":["post-14635","post","type-post","status-publish","format-standard","has-post-thumbnail","hentry","category-xalapa"],"jetpack_featured_media_url":"https:\/\/encuentroinformativo.com.mx\/wp-content\/uploads\/2021\/05\/A5E43575-A996-4EB3-A2AE-D1D5948399B0.jpeg","jetpack_sharing_enabled":true,"jetpack_likes_enabled":true,"amp_enabled":true,"_links":{"self":[{"href":"https:\/\/encuentroinformativo.com.mx\/index.php?rest_route=\/wp\/v2\/posts\/14635","targetHints":{"allow":["GET"]}}],"collection":[{"href":"https:\/\/encuentroinformativo.com.mx\/index.php?rest_route=\/wp\/v2\/posts"}],"about":[{"href":"https:\/\/encuentroinformativo.com.mx\/index.php?rest_route=\/wp\/v2\/types\/post"}],"author":[{"embeddable":true,"href":"https:\/\/encuentroinformativo.com.mx\/index.php?rest_route=\/wp\/v2\/users\/1"}],"replies":[{"embeddable":true,"href":"https:\/\/encuentroinformativo.com.mx\/index.php?rest_route=%2Fwp%2Fv2%2Fcomments&post=14635"}],"version-history":[{"count":1,"href":"https:\/\/encuentroinformativo.com.mx\/index.php?rest_route=\/wp\/v2\/posts\/14635\/revisions"}],"predecessor-version":[{"id":14638,"href":"https:\/\/encuentroinformativo.com.mx\/index.php?rest_route=\/wp\/v2\/posts\/14635\/revisions\/14638"}],"wp:featuredmedia":[{"embeddable":true,"href":"https:\/\/encuentroinformativo.com.mx\/index.php?rest_route=\/wp\/v2\/media\/14636"}],"wp:attachment":[{"href":"https:\/\/encuentroinformativo.com.mx\/index.php?rest_route=%2Fwp%2Fv2%2Fmedia&parent=14635"}],"wp:term":[{"taxonomy":"category","embeddable":true,"href":"https:\/\/encuentroinformativo.com.mx\/index.php?rest_route=%2Fwp%2Fv2%2Fcategories&post=14635"},{"taxonomy":"post_tag","embeddable":true,"href":"https:\/\/encuentroinformativo.com.mx\/index.php?rest_route=%2Fwp%2Fv2%2Ftags&post=14635"}],"curies":[{"name":"wp","href":"https:\/\/api.w.org\/{rel}","templated":true}]}}